{"id":1116,"date":"2007-10-04T00:00:24","date_gmt":"2007-10-03T22:00:24","guid":{"rendered":"https:\/\/www.katalanischer-salon.de\/\/?p=1116"},"modified":"2012-01-18T09:00:57","modified_gmt":"2012-01-18T07:00:57","slug":"1116","status":"publish","type":"post","link":"https:\/\/www.katalanischer-salon.de\/de\/berlin\/1116\/","title":{"rendered":"Projecci\u00f3 de v\u00eddeo sobre la Hist\u00f2ria de Catalunya per als m\u00e9s petits"},"content":{"rendered":"<p><span style=\"color: #000000;\"><\/span><\/p>\n<p><span style=\"color: #000000;\">M\u00f6chtet ihr mit mit die Geschichte Kataloniens kennenlernen? &#8230; Was, ihr wisst nicht wer ich bin? Ich bin Dragui, und mit mir k\u00f6nnt ihr die Geschichte Kataloniens kennenlernen, eine Nation, die schon tausend Jahre alt ist!<br \/>\n<\/span><\/p>\n<p><span style=\"color: #000000;\">Am  n\u00e4chsten 14. Oktober, die kleinste des KaSals werden die Gelegenheit  haben, sich mit den Folgen von &#8220;Dragui &#8211; Hist\u00f2ria de Catalunya&#8221; zu  amusieren. Damit werden sie die Geschichte Kataloniens, von den  Uhrmeschen bis zum Jahr 1988, mit dem tausente Jahrestag von Kataloniens  als Staat, kennenlernen.<\/span><\/p>\n<p><span style=\"color: #000000;\">Wenn ihr Lust habt, lade ich euch, Kleine und Gro\u00dfe, am Sonntag 14. Oktober am AMV ab 16 Uhr zur Vorf\u00fchrung meine Abenteuer ein!<\/span> <\/p>\n<p><span style=\"color: #000000;\"> <\/span><\/p>\n<p><span style=\"color: #000000;\"><a href=\"https:\/\/www.katalanischer-salon.de\/\/wp-content\/uploads\/2012\/01\/Projeccio-peli-per-a-nens.jpg\"><img loading=\"lazy\" class=\"size-full wp-image-1117 aligncenter\" title=\"Projeccio peli per a nens\" src=\"https:\/\/www.katalanischer-salon.de\/\/wp-content\/uploads\/2012\/01\/Projeccio-peli-per-a-nens.jpg\" alt=\"\" width=\"413\" height=\"296\" srcset=\"https:\/\/www.katalanischer-salon.de\/wp-content\/uploads\/2012\/01\/Projeccio-peli-per-a-nens.jpg 500w, https:\/\/www.katalanischer-salon.de\/wp-content\/uploads\/2012\/01\/Projeccio-peli-per-a-nens-300x215.jpg 300w\" sizes=\"(max-width: 413px) 100vw, 413px\" \/><\/a><\/span><\/p>\n<p><a href=\"http:\/\/www.amvberlin.de\/\" target=\"_blank\">AMV <\/a><br \/>\n<span style=\"color: #000000;\">Bremer Strasse 68<\/span><br \/>\n<span style=\"color: #000000;\">10551 Berlin<\/span><\/p>","protected":false},"excerpt":{"rendered":"<p>M\u00f6chtet ihr mit mit die Geschichte Kataloniens kennenlernen? &#8230; Was, ihr wisst nicht wer ich bin? Ich bin Dragui, und mit mir k\u00f6nnt ihr die Geschichte Kataloniens kennenlernen, eine Nation, die schon tausend Jahre alt ist! Am n\u00e4chsten 14. Oktober,&#8230;<\/p>","protected":false},"author":1,"featured_media":0,"comment_status":"closed","ping_status":"open","sticky":false,"template":"","format":"standard","meta":[],"categories":[1],"tags":[14,21],"_links":{"self":[{"href":"https:\/\/www.katalanischer-salon.de\/de\/wp-json\/wp\/v2\/posts\/1116"}],"collection":[{"href":"https:\/\/www.katalanischer-salon.de\/de\/wp-json\/wp\/v2\/posts"}],"about":[{"href":"https:\/\/www.katalanischer-salon.de\/de\/wp-json\/wp\/v2\/types\/post"}],"author":[{"embeddable":true,"href":"https:\/\/www.katalanischer-salon.de\/de\/wp-json\/wp\/v2\/users\/1"}],"replies":[{"embeddable":true,"href":"https:\/\/www.katalanischer-salon.de\/de\/wp-json\/wp\/v2\/comments?post=1116"}],"version-history":[{"count":4,"href":"https:\/\/www.katalanischer-salon.de\/de\/wp-json\/wp\/v2\/posts\/1116\/revisions"}],"predecessor-version":[{"id":1119,"href":"https:\/\/www.katalanischer-salon.de\/de\/wp-json\/wp\/v2\/posts\/1116\/revisions\/1119"}],"wp:attachment":[{"href":"https:\/\/www.katalanischer-salon.de\/de\/wp-json\/wp\/v2\/media?parent=1116"}],"wp:term":[{"taxonomy":"category","embeddable":true,"href":"https:\/\/www.katalanischer-salon.de\/de\/wp-json\/wp\/v2\/categories?post=1116"},{"taxonomy":"post_tag","embeddable":true,"href":"https:\/\/www.katalanischer-salon.de\/de\/wp-json\/wp\/v2\/tags?post=1116"}],"curies":[{"name":"wp","href":"https:\/\/api.w.org\/{rel}","templated":true}]}}