{"id":1556,"date":"2007-06-20T00:00:15","date_gmt":"2007-06-19T22:00:15","guid":{"rendered":"https:\/\/www.katalanischer-salon.de\/\/?p=1556"},"modified":"2012-01-20T12:07:18","modified_gmt":"2012-01-20T10:07:18","slug":"fotos-del-concert-amb-taska-de-montaditos-del-2007","status":"publish","type":"post","link":"https:\/\/www.katalanischer-salon.de\/de\/berlin\/fotos-del-concert-amb-taska-de-montaditos-del-2007\/","title":{"rendered":"Fotos del concert amb Taska de montaditos del 2007"},"content":{"rendered":"<p><span style=\"color: #000000;\"><\/span><\/p>\n<p><span style=\"color: #000000;\"> Am  16. Juni erfreuten wir uns in der Alten Feuerwache Friedrichshain in  Berlin an einem <a title=\"Concert de cambra i tapes a Friedrichshain\" href=\"https:\/\/www.katalanischer-salon.de\/de\/berlin\/concert-de-cambra\/\" target=\"_blank\">Konzert mit Werken von katalanischen Komponisten des 19.  Jahrhunderts<\/a>. Nach dem Konzert hatten die G\u00e4ste Gelegenheit, eine  &#8220;Taska&#8221; (typische baskische Kneipe) mit vielen verschidenen H\u00e4ppchen zu  genie\u00dfen. Hier k\u00f6nnen Sie die Fotos vom Konzertabend sehen. <\/span><\/p>\n<div id='gallery-1' class='gallery galleryid-1556 gallery-columns-2 gallery-size-thumbnail'><figure class='gallery-item'>\n\t\t\t<div class='gallery-icon landscape'>\n\t\t\t\t<a href='https:\/\/www.katalanischer-salon.de\/de\/berlin\/fotos-del-concert-amb-taska-de-montaditos-del-2007\/attachment\/concert-i-montaditos-6\/'><img width=\"150\" height=\"150\" src=\"https:\/\/www.katalanischer-salon.de\/wp-content\/uploads\/2012\/01\/Concert-i-montaditos-6-150x150.jpg\" class=\"attachment-thumbnail size-thumbnail\" alt=\"\" loading=\"lazy\" \/><\/a>\n\t\t\t<\/div><\/figure><figure class='gallery-item'>\n\t\t\t<div class='gallery-icon landscape'>\n\t\t\t\t<a href='https:\/\/www.katalanischer-salon.de\/de\/berlin\/fotos-del-concert-amb-taska-de-montaditos-del-2007\/attachment\/concert-i-montaditos-5\/'><img width=\"150\" height=\"150\" src=\"https:\/\/www.katalanischer-salon.de\/wp-content\/uploads\/2012\/01\/Concert-i-montaditos-5-150x150.jpg\" class=\"attachment-thumbnail size-thumbnail\" alt=\"\" loading=\"lazy\" \/><\/a>\n\t\t\t<\/div><\/figure><figure class='gallery-item'>\n\t\t\t<div class='gallery-icon portrait'>\n\t\t\t\t<a href='https:\/\/www.katalanischer-salon.de\/de\/berlin\/fotos-del-concert-amb-taska-de-montaditos-del-2007\/attachment\/concert-i-montaditos-4\/'><img width=\"150\" height=\"150\" src=\"https:\/\/www.katalanischer-salon.de\/wp-content\/uploads\/2012\/01\/Concert-i-montaditos-4-150x150.jpg\" class=\"attachment-thumbnail size-thumbnail\" alt=\"\" loading=\"lazy\" \/><\/a>\n\t\t\t<\/div><\/figure><figure class='gallery-item'>\n\t\t\t<div class='gallery-icon landscape'>\n\t\t\t\t<a href='https:\/\/www.katalanischer-salon.de\/de\/berlin\/fotos-del-concert-amb-taska-de-montaditos-del-2007\/attachment\/concert-i-montaditos-3\/'><img width=\"150\" height=\"150\" src=\"https:\/\/www.katalanischer-salon.de\/wp-content\/uploads\/2012\/01\/Concert-i-montaditos-3-150x150.jpg\" class=\"attachment-thumbnail size-thumbnail\" alt=\"\" loading=\"lazy\" \/><\/a>\n\t\t\t<\/div><\/figure><figure class='gallery-item'>\n\t\t\t<div class='gallery-icon landscape'>\n\t\t\t\t<a href='https:\/\/www.katalanischer-salon.de\/de\/berlin\/fotos-del-concert-amb-taska-de-montaditos-del-2007\/attachment\/concert-i-montaditos-2\/'><img width=\"150\" height=\"150\" src=\"https:\/\/www.katalanischer-salon.de\/wp-content\/uploads\/2012\/01\/Concert-i-montaditos-2-150x150.jpg\" class=\"attachment-thumbnail size-thumbnail\" alt=\"\" loading=\"lazy\" \/><\/a>\n\t\t\t<\/div><\/figure><figure class='gallery-item'>\n\t\t\t<div class='gallery-icon landscape'>\n\t\t\t\t<a href='https:\/\/www.katalanischer-salon.de\/de\/berlin\/fotos-del-concert-amb-taska-de-montaditos-del-2007\/attachment\/concert-i-montaditos-1\/'><img width=\"150\" height=\"150\" src=\"https:\/\/www.katalanischer-salon.de\/wp-content\/uploads\/2012\/01\/Concert-i-montaditos-1-150x150.jpg\" class=\"attachment-thumbnail size-thumbnail\" alt=\"\" loading=\"lazy\" \/><\/a>\n\t\t\t<\/div><\/figure>\n\t\t<\/div>","protected":false},"excerpt":{"rendered":"<p>Am 16. Juni erfreuten wir uns in der Alten Feuerwache Friedrichshain in Berlin an einem Konzert mit Werken von katalanischen Komponisten des 19. Jahrhunderts. Nach dem Konzert hatten die G\u00e4ste Gelegenheit, eine &#8220;Taska&#8221; (typische baskische Kneipe) mit vielen verschidenen H\u00e4ppchen&#8230;<\/p>","protected":false},"author":1,"featured_media":0,"comment_status":"closed","ping_status":"open","sticky":false,"template":"","format":"standard","meta":[],"categories":[1],"tags":[28,33],"_links":{"self":[{"href":"https:\/\/www.katalanischer-salon.de\/de\/wp-json\/wp\/v2\/posts\/1556"}],"collection":[{"href":"https:\/\/www.katalanischer-salon.de\/de\/wp-json\/wp\/v2\/posts"}],"about":[{"href":"https:\/\/www.katalanischer-salon.de\/de\/wp-json\/wp\/v2\/types\/post"}],"author":[{"embeddable":true,"href":"https:\/\/www.katalanischer-salon.de\/de\/wp-json\/wp\/v2\/users\/1"}],"replies":[{"embeddable":true,"href":"https:\/\/www.katalanischer-salon.de\/de\/wp-json\/wp\/v2\/comments?post=1556"}],"version-history":[{"count":1,"href":"https:\/\/www.katalanischer-salon.de\/de\/wp-json\/wp\/v2\/posts\/1556\/revisions"}],"predecessor-version":[{"id":1563,"href":"https:\/\/www.katalanischer-salon.de\/de\/wp-json\/wp\/v2\/posts\/1556\/revisions\/1563"}],"wp:attachment":[{"href":"https:\/\/www.katalanischer-salon.de\/de\/wp-json\/wp\/v2\/media?parent=1556"}],"wp:term":[{"taxonomy":"category","embeddable":true,"href":"https:\/\/www.katalanischer-salon.de\/de\/wp-json\/wp\/v2\/categories?post=1556"},{"taxonomy":"post_tag","embeddable":true,"href":"https:\/\/www.katalanischer-salon.de\/de\/wp-json\/wp\/v2\/tags?post=1556"}],"curies":[{"name":"wp","href":"https:\/\/api.w.org\/{rel}","templated":true}]}}