{"id":1815,"date":"2012-04-22T23:46:50","date_gmt":"2012-04-22T21:46:50","guid":{"rendered":"https:\/\/www.katalanischer-salon.de\/\/?p=1815"},"modified":"2012-04-23T00:08:34","modified_gmt":"2012-04-22T22:08:34","slug":"obres-guanyadores-de-la-vi-edicio-dels-jocs-florals-del-kasal","status":"publish","type":"post","link":"https:\/\/www.katalanischer-salon.de\/de\/berlin\/obres-guanyadores-de-la-vi-edicio-dels-jocs-florals-del-kasal\/","title":{"rendered":"Obres guanyadores de la VI Edici\u00f3 dels Jocs Florals del Kasal"},"content":{"rendered":"<figure id=\"attachment_1697\" aria-describedby=\"caption-attachment-1697\" style=\"width: 296px\" class=\"wp-caption alignleft\"><a href=\"https:\/\/www.katalanischer-salon.de\/\/wp-content\/uploads\/2012\/02\/Rosa-i-llibre-Sant-Jordi-copia.jpg\"><img loading=\"lazy\" class=\"size-full wp-image-1697\" title=\"Rosa i llibre Sant Jordi copia\" src=\"https:\/\/www.katalanischer-salon.de\/\/wp-content\/uploads\/2012\/02\/Rosa-i-llibre-Sant-Jordi-copia.jpg\" alt=\"\" width=\"296\" height=\"198\" srcset=\"https:\/\/www.katalanischer-salon.de\/wp-content\/uploads\/2012\/02\/Rosa-i-llibre-Sant-Jordi-copia.jpg 3872w, https:\/\/www.katalanischer-salon.de\/wp-content\/uploads\/2012\/02\/Rosa-i-llibre-Sant-Jordi-copia-300x201.jpg 300w, https:\/\/www.katalanischer-salon.de\/wp-content\/uploads\/2012\/02\/Rosa-i-llibre-Sant-Jordi-copia-768x514.jpg 768w, https:\/\/www.katalanischer-salon.de\/wp-content\/uploads\/2012\/02\/Rosa-i-llibre-Sant-Jordi-copia-1024x685.jpg 1024w\" sizes=\"(max-width: 296px) 100vw, 296px\" \/><\/a><figcaption id=\"caption-attachment-1697\" class=\"wp-caption-text\">(c) Olga R Trujillo<\/figcaption><\/figure>\n<p><span style=\"color: #000000;\">El Katalanischer Salon ha organitzat la<\/span> <a title=\"Us convidem a participar en la 6a edici\u00f3 dels Jocs Florals\" href=\"..\/2012\/02\/13\/us-convidem-a-participar-en-la-6a-edicio-dels-jocs-florals\/\" target=\"_blank\">VI Edici\u00f3 dels Jocs Florals<\/a><span style=\"color: #000000;\">. Participants de tot el m\u00f3n han enviat les seves obres per optar els premis de la categoria &#8220;Jocs Florals&#8221; (catal\u00e0 com a llengua materna) i de la categoria &#8220;Catalans sense fronteres&#8221; (estudiants de catal\u00e0). <\/span><br \/>\n<span style=\"color: #000000;\"> <\/span><\/p>\n<p>&nbsp;<\/p>\n<p>&nbsp;<\/p>\n<p><span style=\"color: #000000;\">La lectura de les obres guanyadores ha tingut lloc aquest dissabte 21 d&#8217;abril a la <a href=\"http:\/\/www.literaturhaus-berlin.de\/\" target=\"_blank\">Literaturhaus<\/a>, dins els actes que el Kasal ha organitzat per celebrar la <a title=\"21 d\u2019Abril: el Kasal celebra la diada de Sant Jordi\" href=\"https:\/\/www.katalanischer-salon.de\/de\/berlin\/diada-de-sant-jordi-a-berlin\/\" target=\"_blank\">Diada de Sant Jordi<\/a> a Berl\u00edn. El jurat ha estat format per les lectores de catal\u00e0 de les universitats berlineses Humboldt i Freie i el lector de la universitat de Leipzig. El Katalanischer Salon vol agrair la tasca dels lectors de catal\u00e0, aix\u00ed com tamb\u00e9 de les s\u00f2cies Pilar Sagu\u00e9s i Anna M. Janner que han organitzat tots els actes de Sant Jordi.<br \/>\n<\/span><\/p>\n<p><span style=\"color: #000000;\"><strong> <\/strong><\/span><\/p>\n<p><strong> <\/strong><\/p>\n<p><span style=\"color: #000000;\"><strong>Moltes gr\u00e0cies a tots per participar de la VI Edici\u00f3 dels Jocs Florals del Kasal!!! <\/strong><\/span><\/p>\n<p><span style=\"color: #000000;\">A continuaci\u00f3, podreu llegir les obres guanyadores si cliqueu a sobre del seu t\u00edtol. <\/span><\/p>\n<p><span style=\"color: #000000;\"><strong>Premi &#8220;Jocs Florals&#8221; narraci\u00f3 curta<\/strong>:<\/span><span style=\"color: #000000;\"><span style=\"text-decoration: underline;\"> <\/span><a href=\"https:\/\/www.katalanischer-salon.de\/\/wp-content\/uploads\/2012\/04\/Premi-JJFF-Narrativa-EN-TR%C3%80NSIT.pdf\" target=\"_blank\"><\/a><\/span><\/p>\n<ul>\n<li><span style=\"color: #000000;\"><a href=\"https:\/\/www.katalanischer-salon.de\/\/wp-content\/uploads\/2012\/04\/Premi-JJFF-Narrativa-EN-TR%C3%80NSIT.pdf\" target=\"_blank\">En Tr\u00e0nsit<\/a> Pseud\u00f2nim: Costa Brava <\/span><\/li>\n<\/ul>\n<p style=\"padding-left: 60px;\"><span style=\"color: #000000;\">Autor: Ram\u00f3n Jan\u00e9\u00a0 Vidal de Sant Just Desvern <\/span><\/p>\n<p><strong><span style=\"color: #000000;\">Premi &#8220;Jocs Florals&#8221; poesia: <\/span><\/strong><\/p>\n<p><span style=\"color: #000000;\">Queda desert<\/span><\/p>\n<p><strong><span style=\"color: #000000;\">Premi &#8220;Catal\u00e0 sense fronteres&#8221; narraci\u00f3 curta:<\/span><\/strong><\/p>\n<ul>\n<li> <span style=\"color: #000000;\"><a href=\"https:\/\/www.katalanischer-salon.de\/\/wp-content\/uploads\/2012\/04\/Premi-CSenseF_Narrativa-Quatre-cartes-trobades-per-casualitat.pdf\" target=\"_blank\">Quatre cartes trobades per casualitat<\/a> Pseud\u00f2nim: Bubaljilja<\/span><\/li>\n<\/ul>\n<p style=\"padding-left: 60px;\"><span style=\"color: #000000;\">Autora: Ljiljana Kragulj de Praga<\/span><\/p>\n<p><strong><span style=\"color: #000000;\">Premi &#8220;Catal\u00e0 sense fronteres&#8221; poesia:<\/span><\/strong><\/p>\n<ul>\n<li> <span style=\"color: #000000;\"><a href=\"https:\/\/www.katalanischer-salon.de\/\/wp-content\/uploads\/2012\/04\/Premi-CSenseF_Poesia-Faltes-tu-.pdf\" target=\"_blank\">Faltes tu<\/a> Pseud\u00f2nim: Sisu<\/span><\/li>\n<\/ul>\n<p style=\"padding-left: 30px;\"><span style=\"color: #000000;\">Autora: Susann G\u00fcnther de Berl\u00edn.<\/span><\/p>\n<ul>\n<li> <span style=\"color: #000000;\"><span style=\"text-decoration: underline;\"><a href=\"https:\/\/www.katalanischer-salon.de\/\/wp-content\/uploads\/2012\/04\/Premi-CSenseF_-Poesia-Que-no-sigui-tempesta-ACiutat-Vella.pdf\" target=\"_blank\">Que no sigui tempesta ( A la ciutat Vella)<\/a><\/span> Pseud\u00f2nim: Barceloneta<\/span><\/li>\n<\/ul>\n<p style=\"padding-left: 30px;\"><span style=\"color: #000000;\">Autora: Roberta Contin de Camponogra (Ven\u00e8cia)<\/span><\/p>\n<p><span style=\"color: #000000;\">Podreu veure <strong><span style=\"color: #ff0000;\">fotografies<\/span><\/strong> de la Diada de Sant Jordi a Berl\u00edn 2012 si accediu al nostre \u00e0lbum Picasa a partir del seg\u00fcent enlla\u00e7: <\/span><\/p>\n<table style=\"width: 194px;\">\n<tbody>\n<tr>\n<td style=\"height: 194px; background: url(https:\/\/picasaweb.google.com\/s\/c\/transparent_album_background.gif) no-repeat left;\" align=\"center\"><a href=\"https:\/\/picasaweb.google.com\/106256776253720159495\/SantJordi2012?authuser=0&amp;feat=embedwebsite\" target=\"_blank\"><img loading=\"lazy\" class=\"aligncenter\" style=\"margin: 1px 0 0 4px;\" src=\"https:\/\/lh6.googleusercontent.com\/-39fdfKHwxng\/T5Rz_G6qawE\/AAAAAAAAAlw\/X0cESOq2BHs\/s160-c\/SantJordi2012.jpg\" alt=\"\" width=\"160\" height=\"160\" \/><\/a><\/td>\n<\/tr>\n<tr>\n<td style=\"text-align: center; font-family: arial,sans-serif; font-size: 11px;\"><a style=\"color: #4d4d4d; font-weight: bold; text-decoration: none;\" href=\"https:\/\/picasaweb.google.com\/106256776253720159495\/SantJordi2012?authuser=0&amp;feat=embedwebsite\">Sant Jordi 2012<\/a><\/td>\n<\/tr>\n<\/tbody>\n<\/table>","protected":false},"excerpt":{"rendered":"<p>(c) Olga R Trujillo El Katalanischer Salon ha organitzat la VI Edici\u00f3 dels Jocs Florals. Participants de tot el m\u00f3n han enviat les seves obres per optar els premis de la categoria &#8220;Jocs Florals&#8221; (catal\u00e0 com a llengua materna) i&#8230;<\/p>","protected":false},"author":1,"featured_media":0,"comment_status":"closed","ping_status":"open","sticky":false,"template":"","format":"standard","meta":[],"categories":[1],"tags":[31,68],"_links":{"self":[{"href":"https:\/\/www.katalanischer-salon.de\/de\/wp-json\/wp\/v2\/posts\/1815"}],"collection":[{"href":"https:\/\/www.katalanischer-salon.de\/de\/wp-json\/wp\/v2\/posts"}],"about":[{"href":"https:\/\/www.katalanischer-salon.de\/de\/wp-json\/wp\/v2\/types\/post"}],"author":[{"embeddable":true,"href":"https:\/\/www.katalanischer-salon.de\/de\/wp-json\/wp\/v2\/users\/1"}],"replies":[{"embeddable":true,"href":"https:\/\/www.katalanischer-salon.de\/de\/wp-json\/wp\/v2\/comments?post=1815"}],"version-history":[{"count":11,"href":"https:\/\/www.katalanischer-salon.de\/de\/wp-json\/wp\/v2\/posts\/1815\/revisions"}],"predecessor-version":[{"id":1821,"href":"https:\/\/www.katalanischer-salon.de\/de\/wp-json\/wp\/v2\/posts\/1815\/revisions\/1821"}],"wp:attachment":[{"href":"https:\/\/www.katalanischer-salon.de\/de\/wp-json\/wp\/v2\/media?parent=1815"}],"wp:term":[{"taxonomy":"category","embeddable":true,"href":"https:\/\/www.katalanischer-salon.de\/de\/wp-json\/wp\/v2\/categories?post=1815"},{"taxonomy":"post_tag","embeddable":true,"href":"https:\/\/www.katalanischer-salon.de\/de\/wp-json\/wp\/v2\/tags?post=1815"}],"curies":[{"name":"wp","href":"https:\/\/api.w.org\/{rel}","templated":true}]}}