{"id":183,"date":"2011-07-03T00:28:20","date_gmt":"2011-07-02T22:28:20","guid":{"rendered":"http:\/\/blog.katalanischer-salon.de\/?p=183"},"modified":"2011-07-10T12:46:51","modified_gmt":"2011-07-10T10:46:51","slug":"bon-dia-einfuhrung-in-die-katalanische-sprache-und-landeskunde","status":"publish","type":"post","link":"https:\/\/www.katalanischer-salon.de\/de\/catalunya\/bon-dia-einfuhrung-in-die-katalanische-sprache-und-landeskunde\/","title":{"rendered":"Bon dia! Einf\u00fchrung in die katalanische Sprache und Landeskunde"},"content":{"rendered":"<p><span style=\"color: #000000;\">Katalonien &#8211; was ist das?<\/span><\/p>\n<p><span style=\"color: #000000;\">Das ist nicht Sangr\u00eda und Paella, Flamenco und Kastagnetten, Stierkampf und Siesta. Das ist nicht nur Sonne und Strand, der Fu\u00dfballclub Bar\u00e7a und der Architekt Gaud\u00ed, Freixenet-Sekt und Salvador Dal\u00ed. Das ist viel mehr.<\/span><\/p>\n<p><span style=\"color: #000000;\">Haben Sie z. B. gewusst, dass das Katalanische eine eigene romanische Sprache ist, die mehr als 800 Jahre alt ist und die von 10 Millionen Menschen gesprochen wird?<\/span><\/p>\n<p><img loading=\"lazy\" class=\"alignleft size-medium wp-image-179\" title=\"262997_192579217459042_135090926541205_564589_3470428_n\" src=\"https:\/\/www.katalanischer-salon.de\/\/wp-content\/uploads\/2011\/06\/262997_192579217459042_135090926541205_564589_3470428_n-300x190.jpg\" alt=\"\" width=\"240\" height=\"152\" \/><\/p>\n<p><span style=\"color: #000000;\">Oder dass die Katalanen ihr Brot mit Tomate einreiben, mit Salz bestreuen und dann Oliven\u00f6l dar\u00fcbertr\u00e4ufeln?<\/span><\/p>\n<p><span style=\"color: #000000;\">M\u00f6chten Sie wissen, wie man ein Glas Rotwein auf Katalanisch bestellt? Oder warum sich ganz Katalonien am 23. April in ein Rosen- und B\u00fcchermeer verwandelt?<\/span><\/p>\n<p><span style=\"color: #000000;\">Das alles und mehr soll Inhalt dieses Kurses sein, der im Juli von den Volkshochschulen Tempelhof-Sch\u00f6neberg und Steglitz-Zehlendorf angeboten wird.<\/span><\/p>\n<p><span style=\"color: #000000;\">Neben einem Einblick in die katalanische Kultur und Landeskunde werden Grundkenntnisse des Katalanischen vermittelt, die sich auf die wichtigsten Situationen des t\u00e4glichen Lebens beziehen.<\/span><\/p>\n<p><span style=\"color: #000000;\">F\u00fcr Interessierte, die eine Reise nach Katalonien oder einen Studienaufenthalt in Barcelona planen und sich kulturell und sprachlich darauf einstimmen m\u00f6chten oder die einfach mehr \u00fcber Katalonien erfahren m\u00f6chten.\u00a0<strong>Vorkenntnisse sind nicht erforderlich.<\/strong><\/span><\/p>\n<p><span style=\"color: #000000;\"><strong>TERMINE:<\/strong><\/span><\/p>\n<p><span style=\"color: #000000;\"><strong>VHS Tempelhof-Sch\u00f6neberg, Barbarossaplatz 5:<\/strong><\/span><\/p>\n<p><span style=\"color: #000000;\">11. \u2013 22. Juli 2011 (2 x Mo, Mi, Fr, 10 \u2013 12.30 h., 6 Unterrichtstage, 18 UStd.), Kursnr. TS14.10S<\/span><\/p>\n<p><span style=\"text-decoration: underline; color: #000000;\">Anmeldung<\/span><br \/>\n<span style=\"color: #000000;\">Tel.: 902 77 30 00<\/span><br \/>\n<span style=\"color: #000000;\">E-mail: vhs@ba-ts.berlin.de<\/span><br \/>\n<span style=\"color: #000000;\">www.vhs-tempelhof-schoeneberg.de<\/span><\/p>\n<p><span style=\"color: #000000;\"><strong>VHS Steglitz-Zehlendorf, Goethestr. 9-11 (Lichterfelde):<\/strong><\/span><\/p>\n<p><span style=\"color: #000000;\">11. \u2013 21. Juli 2011 (2 x Mo, Di, Mi, Do, 17.30 \u2013 19.30 h, 8 Unterrichtstage, 16 UE), Kursnr. SZ74702<\/span><\/p>\n<p><span style=\"text-decoration: underline; color: #000000;\">Anmeldung<\/span><br \/>\n<span style=\"color: #000000;\">Tel. 902 99 5020<\/span><br \/>\n<span style=\"color: #000000;\">E-mail: vhs@vhssz.de<\/span><br \/>\n<span style=\"color: #000000;\">www.vhs-steglitz-zehlendorf.de<\/span><\/p>","protected":false},"excerpt":{"rendered":"<p>Katalonien &#8211; was ist das? Das ist nicht Sangr\u00eda und Paella, Flamenco und Kastagnetten, Stierkampf und Siesta. Das ist nicht nur Sonne und Strand, der Fu\u00dfballclub Bar\u00e7a und der Architekt Gaud\u00ed, Freixenet-Sekt und Salvador Dal\u00ed. Das ist viel mehr. Haben&#8230;<\/p>","protected":false},"author":1,"featured_media":0,"comment_status":"closed","ping_status":"open","sticky":false,"template":"","format":"standard","meta":[],"categories":[5],"tags":[9],"_links":{"self":[{"href":"https:\/\/www.katalanischer-salon.de\/de\/wp-json\/wp\/v2\/posts\/183"}],"collection":[{"href":"https:\/\/www.katalanischer-salon.de\/de\/wp-json\/wp\/v2\/posts"}],"about":[{"href":"https:\/\/www.katalanischer-salon.de\/de\/wp-json\/wp\/v2\/types\/post"}],"author":[{"embeddable":true,"href":"https:\/\/www.katalanischer-salon.de\/de\/wp-json\/wp\/v2\/users\/1"}],"replies":[{"embeddable":true,"href":"https:\/\/www.katalanischer-salon.de\/de\/wp-json\/wp\/v2\/comments?post=183"}],"version-history":[{"count":5,"href":"https:\/\/www.katalanischer-salon.de\/de\/wp-json\/wp\/v2\/posts\/183\/revisions"}],"predecessor-version":[{"id":186,"href":"https:\/\/www.katalanischer-salon.de\/de\/wp-json\/wp\/v2\/posts\/183\/revisions\/186"}],"wp:attachment":[{"href":"https:\/\/www.katalanischer-salon.de\/de\/wp-json\/wp\/v2\/media?parent=183"}],"wp:term":[{"taxonomy":"category","embeddable":true,"href":"https:\/\/www.katalanischer-salon.de\/de\/wp-json\/wp\/v2\/categories?post=183"},{"taxonomy":"post_tag","embeddable":true,"href":"https:\/\/www.katalanischer-salon.de\/de\/wp-json\/wp\/v2\/tags?post=183"}],"curies":[{"name":"wp","href":"https:\/\/api.w.org\/{rel}","templated":true}]}}