{"id":188,"date":"2011-07-03T00:45:53","date_gmt":"2011-07-02T22:45:53","guid":{"rendered":"http:\/\/blog.katalanischer-salon.de\/?p=188"},"modified":"2011-07-10T12:40:50","modified_gmt":"2011-07-10T10:40:50","slug":"fotoconcurs-2011","status":"publish","type":"post","link":"https:\/\/www.katalanischer-salon.de\/de\/berlin\/fotoconcurs-2011\/","title":{"rendered":"1r Concurs de fotografia"},"content":{"rendered":"<p><img loading=\"lazy\" src=\"http:\/\/a1.sphotos.ak.fbcdn.net\/hphotos-ak-snc6\/259998_191493487567615_135090926541205_558747_5487510_n.jpg\" alt=\"\" width=\"648\" height=\"135\" \/><\/p>\n<p><span style=\"color: #000000;\">El <a href=\"http:\/\/www.facebook.com\/casal.catala.berlin\" target=\"_blank\">Katalanischer Salon<\/a> de Berl\u00edn organitza el I Concurs de Fotografia, que tindr\u00e0 lloc dissabte 9 de juliol de 2011. El punt de trobada ser\u00e0 l&#8217;Alexanderplatz, a les 10.30h del mat\u00ed. Des d&#8217;aqu\u00ed, el grup de participants far\u00e0 una ruta per diferents punts de la ciutat, tant a peu com en transport p\u00fablic, segons s&#8217;especifica a sota.<\/span><\/p>\n<p><span style=\"color: #000000;\">Els participants podran fer tantes fotografies com vulguin, a cadascuna de les etapes, de les quals n&#8217;hauran de triar un m\u00e0xim de cinc i enviar-les a casalcataladeberlin@gmail.com. Totes les fotografies rebudes seran penjades a l&#8217;\u00e0lbum Picassa del Katalanischer Salon e.V., els socis del qual seran el jurat que escollir\u00e0 la que m\u00e9s els agradi. Les fotografies es penjaran sense el nom de l&#8217;autor\/a.<\/span><\/p>\n<p><span style=\"color: #000000;\">Els socis tindran una setmana per votar, i diumenge 17 de juliol es donar\u00e0 a con\u00e8ixer el nom del fot\u00f2graf\/a guanyador. El premi \u00e9s un doble CD d'&#8221;Els Amics de les Arts&#8221;, dedicat pels seus integrants (i, naturalment, el plaer de compartir dues hores ben bones amb altres aficionats a la fotografia!).<\/span><\/p>\n<p><strong><span style=\"color: #000000;\">Punt de Trobada<\/span><\/strong><\/p>\n<p><span style=\"color: #000000;\">\u25baAlexanderplatz (10.30h &#8211; Font de Nept\u00fa) &#8211;\u00a0Tema: A l\u2019altre banda del mur &gt; Caminar fins<br \/>\n<\/span><span style=\"color: #000000;\">Berliner Dom &#8211;\u00a0Tema: La millor postal de Berl\u00edn &gt; Caminar fins<br \/>\n<\/span><span style=\"color: #000000;\">Gendarmenmarkt &#8211;\u00a0Tema: El petit Par\u00eds &gt; U6 Franz\u00f6sischestr. fins Kochstr.<br \/>\n<\/span><span style=\"color: #000000;\">Checkpoint Charlie &#8211;\u00a0Tema: Berl\u00edn, ciutat de turistes &gt; U2 Stadtmitte fins Potsdamer Platz<br \/>\n<\/span><span style=\"color: #000000;\">Potsdamer Platz &#8211;\u00a0Tema: Futur &gt; S1 fins Brandenburger Tor<br \/>\n<\/span><span style=\"color: #000000;\">Brandenburger Tor &#8211;\u00a0Tema: S\u00edmbol &gt; Caminar fins al Reichstag<br \/>\n<\/span><span style=\"color: #000000;\">Reichstag &#8211;\u00a0Tema: Transpar\u00e8ncia &gt; U55 fins Hauptbahnhof<br \/>\n<\/span><span style=\"color: #000000;\">Hauptbahnhof &#8211;\u00a0Tema: Connexions &gt; S-Bahn fins Ostbahnhof i caminar<br \/>\n<\/span><span style=\"color: #000000;\">East Side Gallery &#8211;\u00a0Tema: Hist\u00f2ria reconvertida en art.<\/span><\/p>\n<p><span style=\"color: #000000;\">\u25ba\u00a0Est\u00e0 previst que la ruta duri aprox. 2.30h.<\/span><\/p>\n<p><span style=\"color: #000000;\">\u25ba La participaci\u00f3 \u00e9s oberta a tothom, i t\u00e9 un cost d&#8217;inscripci\u00f3 simb\u00f2lic de 2\u20ac (pels socis del Katalanischer Salon la participaci\u00f3 \u00e9s gratu\u00efta).<\/span><\/p>\n<p><span style=\"color: #000000;\">\u25ba La inscripci\u00f3 en el concurs suposa acceptar que el m\u00e0xim de 5 imatges enviades al Katalanischer Salon puguin ser penjades a la p\u00e0gina Facebook del Casal, aix\u00ed com al seu web, amb el (c) corresponent.<\/span><\/p>\n<p><span style=\"color: #000000;\">\u25ba En el cas que, per raons meteorol\u00f2giques, no es pugu\u00e9s fer l&#8217;activitat, els participants serien informats de la cancel.laci\u00f3 el dia abans.<\/span><\/p>\n<p><span style=\"color: #000000;\">\u25ba Inscripci\u00f3 i infos:\u00a0casalcataladeberlin@gmail.com<\/span><\/p>\n<p><span style=\"color: #000000;\">\u25ba Data l\u00edmit d&#8217;inscripci\u00f3: divendres 8 de juliol a les 20h.<\/span><\/p>","protected":false},"excerpt":{"rendered":"<p>El Katalanischer Salon de Berl\u00edn organitza el I Concurs de Fotografia, que tindr\u00e0 lloc dissabte 9 de juliol de 2011. El punt de trobada ser\u00e0 l&#8217;Alexanderplatz, a les 10.30h del mat\u00ed. Des d&#8217;aqu\u00ed, el grup de participants far\u00e0 una ruta&#8230;<\/p>","protected":false},"author":1,"featured_media":0,"comment_status":"closed","ping_status":"open","sticky":false,"template":"","format":"standard","meta":[],"categories":[1],"tags":[15],"_links":{"self":[{"href":"https:\/\/www.katalanischer-salon.de\/de\/wp-json\/wp\/v2\/posts\/188"}],"collection":[{"href":"https:\/\/www.katalanischer-salon.de\/de\/wp-json\/wp\/v2\/posts"}],"about":[{"href":"https:\/\/www.katalanischer-salon.de\/de\/wp-json\/wp\/v2\/types\/post"}],"author":[{"embeddable":true,"href":"https:\/\/www.katalanischer-salon.de\/de\/wp-json\/wp\/v2\/users\/1"}],"replies":[{"embeddable":true,"href":"https:\/\/www.katalanischer-salon.de\/de\/wp-json\/wp\/v2\/comments?post=188"}],"version-history":[{"count":6,"href":"https:\/\/www.katalanischer-salon.de\/de\/wp-json\/wp\/v2\/posts\/188\/revisions"}],"predecessor-version":[{"id":190,"href":"https:\/\/www.katalanischer-salon.de\/de\/wp-json\/wp\/v2\/posts\/188\/revisions\/190"}],"wp:attachment":[{"href":"https:\/\/www.katalanischer-salon.de\/de\/wp-json\/wp\/v2\/media?parent=188"}],"wp:term":[{"taxonomy":"category","embeddable":true,"href":"https:\/\/www.katalanischer-salon.de\/de\/wp-json\/wp\/v2\/categories?post=188"},{"taxonomy":"post_tag","embeddable":true,"href":"https:\/\/www.katalanischer-salon.de\/de\/wp-json\/wp\/v2\/tags?post=188"}],"curies":[{"name":"wp","href":"https:\/\/api.w.org\/{rel}","templated":true}]}}