{"id":2178,"date":"2014-01-30T23:50:21","date_gmt":"2014-01-30T21:50:21","guid":{"rendered":"https:\/\/www.katalanischer-salon.de\/\/?p=2178"},"modified":"2014-02-01T01:02:58","modified_gmt":"2014-01-31T23:02:58","slug":"musica-amb-accent-catala-a-la-sophienkirche","status":"publish","type":"post","link":"https:\/\/www.katalanischer-salon.de\/de\/berlin\/musica-amb-accent-catala-a-la-sophienkirche\/","title":{"rendered":"M\u00fasica amb accent catal\u00e0 a la Sophienkirche"},"content":{"rendered":"<span style=\"color: #000000;\">Mit gro\u03b2er Freude m\u00f6chten die katalanischen Mezzosopranistin Anna Al\u00e0s und die Cembalo-Spielerin Maria Busqu\u00e9\u00a0zu ihrem n\u00e4chsten Konzert in Berlin euch herzlich einladen. Es geht um einen moderierten Konzertabend mit geistlicher Musik von G.F. Haendel, Jos\u00e9 de Nebra, Jos\u00e9 Herrando, G. Ph. Telemann und Joan Baptista Pla. Das Dianthus Ensemble l\u00e4dt ein, die Kontraste zweier Kulturen, zweier Sprachen und zweier Charaktere, vereint in einem aussergew\u00f6hnlichen Klangerlebnis zu geniessen.<\/span><\/p>\n<p><span style=\"color: #000000;\">Karten gibt es an die 030 &#8211; 43 91 94 23 oder direkt bei tickets@dianthusensemble.de<\/span><br \/>\n<span style=\"color: #000000;\"> Wenn ihr das Programm interessant findet, w\u00e4ren sie euch f\u00fcr die Weiterempfehlung der Veranstaltung sehr dankbar!<\/span><\/p>\n<p><span style=\"color: #000000;\"><strong>Datum<\/strong> 7. Februar 2014 um 19\u00a0Uhr<\/span><\/p>\n<p><span style=\"color: #000000;\"><strong>Ort<\/strong><\/span><br \/>\n<span style=\"color: #000000;\"> Sophienkirche<\/span><br \/>\n<span style=\"color: #000000;\"> Gro\u00dfe Hamburger Str. 29\/30<\/span><br \/>\n<span style=\"color: #000000;\"> 10115 Berlin<\/span><\/p>\n<p><span style=\"color: #000000;\"><strong>Eintritt<\/strong><\/span><br \/>\n<span style=\"color: #000000;\"> 10 EUR \/ 8 EUR erm\u00e4\u00dfigt<\/span><\/p>\n<p><a href=\"https:\/\/www.katalanischer-salon.de\/\/wp-content\/uploads\/2014\/01\/dulzura_dianthusensemble_info.jpeg\"><img loading=\"lazy\" class=\"aligncenter size-full wp-image-2179\" title=\"dulzura_dianthusensemble_info\" src=\"https:\/\/www.katalanischer-salon.de\/\/wp-content\/uploads\/2014\/01\/dulzura_dianthusensemble_info.jpeg\" alt=\"\" width=\"874\" height=\"620\" srcset=\"https:\/\/www.katalanischer-salon.de\/wp-content\/uploads\/2014\/01\/dulzura_dianthusensemble_info.jpeg 874w, https:\/\/www.katalanischer-salon.de\/wp-content\/uploads\/2014\/01\/dulzura_dianthusensemble_info-300x213.jpeg 300w, https:\/\/www.katalanischer-salon.de\/wp-content\/uploads\/2014\/01\/dulzura_dianthusensemble_info-768x545.jpeg 768w, https:\/\/www.katalanischer-salon.de\/wp-content\/uploads\/2014\/01\/dulzura_dianthusensemble_info-148x105.jpeg 148w, https:\/\/www.katalanischer-salon.de\/wp-content\/uploads\/2014\/01\/dulzura_dianthusensemble_info-31x22.jpeg 31w, https:\/\/www.katalanischer-salon.de\/wp-content\/uploads\/2014\/01\/dulzura_dianthusensemble_info-38x27.jpeg 38w, https:\/\/www.katalanischer-salon.de\/wp-content\/uploads\/2014\/01\/dulzura_dianthusensemble_info-303x215.jpeg 303w\" sizes=\"(max-width: 874px) 100vw, 874px\" \/><\/a>","protected":false},"excerpt":{"rendered":"<p>Mit gro\u03b2er Freude m\u00f6chten die katalanischen Mezzosopranistin Anna Al\u00e0s und die Cembalo-Spielerin Maria Busqu\u00e9\u00a0zu ihrem n\u00e4chsten Konzert in Berlin euch herzlich einladen. Es geht um einen moderierten Konzertabend mit geistlicher Musik von G.F. Haendel, Jos\u00e9 de Nebra, Jos\u00e9 Herrando, G&#8230;.<\/p>","protected":false},"author":1,"featured_media":0,"comment_status":"closed","ping_status":"open","sticky":false,"template":"","format":"standard","meta":[],"categories":[1],"tags":[16],"_links":{"self":[{"href":"https:\/\/www.katalanischer-salon.de\/de\/wp-json\/wp\/v2\/posts\/2178"}],"collection":[{"href":"https:\/\/www.katalanischer-salon.de\/de\/wp-json\/wp\/v2\/posts"}],"about":[{"href":"https:\/\/www.katalanischer-salon.de\/de\/wp-json\/wp\/v2\/types\/post"}],"author":[{"embeddable":true,"href":"https:\/\/www.katalanischer-salon.de\/de\/wp-json\/wp\/v2\/users\/1"}],"replies":[{"embeddable":true,"href":"https:\/\/www.katalanischer-salon.de\/de\/wp-json\/wp\/v2\/comments?post=2178"}],"version-history":[{"count":9,"href":"https:\/\/www.katalanischer-salon.de\/de\/wp-json\/wp\/v2\/posts\/2178\/revisions"}],"predecessor-version":[{"id":2183,"href":"https:\/\/www.katalanischer-salon.de\/de\/wp-json\/wp\/v2\/posts\/2178\/revisions\/2183"}],"wp:attachment":[{"href":"https:\/\/www.katalanischer-salon.de\/de\/wp-json\/wp\/v2\/media?parent=2178"}],"wp:term":[{"taxonomy":"category","embeddable":true,"href":"https:\/\/www.katalanischer-salon.de\/de\/wp-json\/wp\/v2\/categories?post=2178"},{"taxonomy":"post_tag","embeddable":true,"href":"https:\/\/www.katalanischer-salon.de\/de\/wp-json\/wp\/v2\/tags?post=2178"}],"curies":[{"name":"wp","href":"https:\/\/api.w.org\/{rel}","templated":true}]}}