{"id":2291,"date":"2014-03-25T20:41:34","date_gmt":"2014-03-25T18:41:34","guid":{"rendered":"https:\/\/www.katalanischer-salon.de\/\/?p=2291"},"modified":"2014-03-25T20:45:02","modified_gmt":"2014-03-25T18:45:02","slug":"satansa-sant-jordi","status":"publish","type":"post","link":"https:\/\/www.katalanischer-salon.de\/de\/berlin\/satansa-sant-jordi\/","title":{"rendered":"S&#8217;atansa Sant Jordi!"},"content":{"rendered":"<span style=\"color: #000000;\">WANN: Samstag 26. April 2014<br \/>\nWO: <\/span><strong><a href=\"http:\/\/www.literaturhaus-berlin.de\/\" target=\"_blank\">Literaturhaus<\/a><\/strong><span style=\"color: #000000;\">, Fasanenstra\u00dfe 23 &#8211; 10719 Berlin<\/span> <strong><span style=\"color: #ff0000;\">*<\/span><\/strong><\/p>\n<p><span style=\"color: #000000;\">Programm<\/span><\/p>\n<p><span style=\"text-decoration: underline; color: #000000;\">11.00 Uhr bis 19.30 Uhr vor dem Literaturhaus<\/span><\/p>\n<p><span style=\"color: #000000;\">Stand mit Rosen und B\u00fcchern katalanischer Autoren ins Deutsche \u00fcbersetzt sowie Neuerscheinungen auf Katalanisch f\u00fcr jedes Alter und jeden Geschmack!<\/span><\/p>\n<p><span style=\"text-decoration: underline; color: #000000;\">19.30 Uhr, Kaminraum<\/span><\/p>\n<p><span style=\"color: #000000;\">Vortrag des aus Val\u00e8ncia stammenden Journalisten Vicent Partal mit dem Titel\u00a0<strong>\u201eDie Unabh\u00e4ngigkeit Kataloniens: eine demokratische Herausforderung f\u00fcr Europa\u201d<\/strong>. Der Vortrag wird auf Englisch gehalten. Die anschlie\u00dfende Diskussionsrunde findet auf Englisch, Katalanisch und Deutsch statt.<\/span><\/p>\n<p><span style=\"color: #000000;\">Zum Abschluss laden wir Euch zu einem Glas katalanischem Cava ein.<\/span><\/p>\n<p><span style=\"color: #000000;\">Informationen \u00fcber Vicent Partal findet Ihr hier:<\/span> <strong><a href=\"https:\/\/www.katalanischer-salon.de\/\/wp-content\/uploads\/2014\/03\/Vicent-Partal.pdf\" target=\"_blank\">https:\/\/www.katalanischer-salon.de\/\/wp-content\/uploads\/2014\/03\/Vicent-Partal.pdf<\/a><\/strong><\/p>\n<p><em><strong><span style=\"color: #ff0000;\">*<\/span><\/strong> <span style=\"color: #000000;\">Verkehrsverbindungen: U-Bahn U1 + Bus M19, M29, 109 und 110 (Uhlandstra\u00dfe)<\/span><\/em><\/p>\n<p><em><span style=\"color: #000000;\">Folge uns auf <a href=\"https:\/\/twitter.com\/BerlinCasal\" target=\"_blank\">twitter.com\/BerlinCasal<\/a> und <a href=\"https:\/\/www.facebook.com\/Casal.Catala.Berlin\" target=\"_blank\">www.facebook.com\/Casal.Catala.Berlin<\/a><\/span><\/em>","protected":false},"excerpt":{"rendered":"<p>WANN: Samstag 26. April 2014 WO: Literaturhaus, Fasanenstra\u00dfe 23 &#8211; 10719 Berlin * Programm 11.00 Uhr bis 19.30 Uhr vor dem Literaturhaus Stand mit Rosen und B\u00fcchern katalanischer Autoren ins Deutsche \u00fcbersetzt sowie Neuerscheinungen auf Katalanisch f\u00fcr jedes Alter und&#8230;<\/p>","protected":false},"author":1,"featured_media":0,"comment_status":"closed","ping_status":"open","sticky":false,"template":"","format":"standard","meta":[],"categories":[1],"tags":[68],"_links":{"self":[{"href":"https:\/\/www.katalanischer-salon.de\/de\/wp-json\/wp\/v2\/posts\/2291"}],"collection":[{"href":"https:\/\/www.katalanischer-salon.de\/de\/wp-json\/wp\/v2\/posts"}],"about":[{"href":"https:\/\/www.katalanischer-salon.de\/de\/wp-json\/wp\/v2\/types\/post"}],"author":[{"embeddable":true,"href":"https:\/\/www.katalanischer-salon.de\/de\/wp-json\/wp\/v2\/users\/1"}],"replies":[{"embeddable":true,"href":"https:\/\/www.katalanischer-salon.de\/de\/wp-json\/wp\/v2\/comments?post=2291"}],"version-history":[{"count":30,"href":"https:\/\/www.katalanischer-salon.de\/de\/wp-json\/wp\/v2\/posts\/2291\/revisions"}],"predecessor-version":[{"id":2323,"href":"https:\/\/www.katalanischer-salon.de\/de\/wp-json\/wp\/v2\/posts\/2291\/revisions\/2323"}],"wp:attachment":[{"href":"https:\/\/www.katalanischer-salon.de\/de\/wp-json\/wp\/v2\/media?parent=2291"}],"wp:term":[{"taxonomy":"category","embeddable":true,"href":"https:\/\/www.katalanischer-salon.de\/de\/wp-json\/wp\/v2\/categories?post=2291"},{"taxonomy":"post_tag","embeddable":true,"href":"https:\/\/www.katalanischer-salon.de\/de\/wp-json\/wp\/v2\/tags?post=2291"}],"curies":[{"name":"wp","href":"https:\/\/api.w.org\/{rel}","templated":true}]}}