{"id":242,"date":"2007-09-06T00:00:45","date_gmt":"2007-09-05T22:00:45","guid":{"rendered":"http:\/\/blog.katalanischer-salon.de\/?p=242"},"modified":"2012-01-17T14:04:36","modified_gmt":"2012-01-17T12:04:36","slug":"cicle-de-cinema-catala-arriba-la-2a-edicio","status":"publish","type":"post","link":"https:\/\/www.katalanischer-salon.de\/de\/berlin\/cicle-de-cinema-catala-arriba-la-2a-edicio\/","title":{"rendered":"Cicle de Cinema Catal\u00e0. Arriba la 2a edici\u00f3!"},"content":{"rendered":"<p><span style=\"color: #000000;\"><img loading=\"lazy\" src=\"http:\/\/farm3.static.flickr.com\/2349\/1506726685_fbe96d0b34.jpg?v=0\" alt=\" \" width=\"400\" height=\"200\" align=\"bottom\" \/><\/span><\/p>\n<p><span style=\"color: #000000;\"><\/span><\/p>\n<p> Katalanische  Filmtage, die vom <a href=\"http:\/\/www.facebook.com\/casal.catala.berlin\" target=\"_blank\">KaSal <\/a>in Zusammenarbeit mit dem <a href=\"http:\/\/www.cervantes.de\/\" target=\"_blank\">Instituto Cervantes<\/a> organisiert wurden, und die vom 8. bis zum 26. Oktober stattfinden.<br \/>\n<a href=\"https:\/\/www.katalanischer-salon.de\/\/wp-content\/uploads\/2007\/09\/elsullsdelahistoria_dieaugendergeschichte2007.pdf\" target=\"_blank\">Programm &#8211; Die Augen der Geschichte<\/a><\/p>\n<p>Oft  sind es die herausragenden Pers\u00f6nlichkeiten einer Kulturgemeinschaft,  die im Ausland das Interesse wecken. Mit dem Ziel, dem deutschen  Publikum die katalanische Kultur n\u00e4her zu bringen, werden hier die  neuesten Filme \u00fcber Menschen gezeigt, die durch ihr Werk oder ihren  Kampf katalanische Realit\u00e4t nach au\u00dfen getragen haben.<\/p>\n<p>Montag, 8. Oktober, 19:30 h<br \/>\n<strong>Dimensi\u00f3 Dal\u00ed<\/strong><br \/>\n53 Min.<br \/>\nR: Joan \u00dabeda<br \/>\nIn Anwesenheit des Regisseurs<\/p>\n<p>Montag, 15. Oktober, 19:30 h<br \/>\n<strong>El coronel Maci\u00e0<\/strong><br \/>\n106 Min.<br \/>\nR: Josep Maria Forn<\/p>\n<p>Montag, 22. Oktober, 19:30 h<br \/>\n<strong>F de Fontcuberta<\/strong><br \/>\n52 Min.<br \/>\nR: Gerardo Panichi i Daniele Villa<\/p>\n<p>Montag, 29. Oktober, 19:30 h<br \/>\n<strong>La mort de ning\u00fa<\/strong><br \/>\n94 Min.<br \/>\nR: Joan Dolc<\/p>\n<p>Instituto Cervantes<br \/>\nRosenstra\u00dfe 18-19<br \/>\n10178 Berlin<\/p>\n<p><strong> Freie Eintritt!! <\/strong><\/p>","protected":false},"excerpt":{"rendered":"<p>Katalanische Filmtage, die vom KaSal in Zusammenarbeit mit dem Instituto Cervantes organisiert wurden, und die vom 8. bis zum 26. Oktober stattfinden. Programm &#8211; Die Augen der Geschichte Oft sind es die herausragenden Pers\u00f6nlichkeiten einer Kulturgemeinschaft, die im Ausland das&#8230;<\/p>","protected":false},"author":1,"featured_media":0,"comment_status":"closed","ping_status":"open","sticky":false,"template":"","format":"standard","meta":[],"categories":[1],"tags":[12],"_links":{"self":[{"href":"https:\/\/www.katalanischer-salon.de\/de\/wp-json\/wp\/v2\/posts\/242"}],"collection":[{"href":"https:\/\/www.katalanischer-salon.de\/de\/wp-json\/wp\/v2\/posts"}],"about":[{"href":"https:\/\/www.katalanischer-salon.de\/de\/wp-json\/wp\/v2\/types\/post"}],"author":[{"embeddable":true,"href":"https:\/\/www.katalanischer-salon.de\/de\/wp-json\/wp\/v2\/users\/1"}],"replies":[{"embeddable":true,"href":"https:\/\/www.katalanischer-salon.de\/de\/wp-json\/wp\/v2\/comments?post=242"}],"version-history":[{"count":5,"href":"https:\/\/www.katalanischer-salon.de\/de\/wp-json\/wp\/v2\/posts\/242\/revisions"}],"predecessor-version":[{"id":256,"href":"https:\/\/www.katalanischer-salon.de\/de\/wp-json\/wp\/v2\/posts\/242\/revisions\/256"}],"wp:attachment":[{"href":"https:\/\/www.katalanischer-salon.de\/de\/wp-json\/wp\/v2\/media?parent=242"}],"wp:term":[{"taxonomy":"category","embeddable":true,"href":"https:\/\/www.katalanischer-salon.de\/de\/wp-json\/wp\/v2\/categories?post=242"},{"taxonomy":"post_tag","embeddable":true,"href":"https:\/\/www.katalanischer-salon.de\/de\/wp-json\/wp\/v2\/tags?post=242"}],"curies":[{"name":"wp","href":"https:\/\/api.w.org\/{rel}","templated":true}]}}