{"id":244,"date":"2007-05-02T00:00:50","date_gmt":"2007-05-01T22:00:50","guid":{"rendered":"http:\/\/blog.katalanischer-salon.de\/?p=244"},"modified":"2012-01-18T11:58:51","modified_gmt":"2012-01-18T09:58:51","slug":"xerrada-amb-el-senador-carles-gasoliba","status":"publish","type":"post","link":"https:\/\/www.katalanischer-salon.de\/de\/berlin\/xerrada-amb-el-senador-carles-gasoliba\/","title":{"rendered":"Xerrada a c\u00e0rrec de Carles Gas\u00f2liba"},"content":{"rendered":"<p><span style=\"color: #000000;\"><\/span><\/p>\n<p><span style=\"color: #000000;\"> <\/span><span style=\"color: #000000;\"> Am kommenden Montag den 14. Mai wird um 17:00 Uhr im <a href=\"http:\/\/www.weihenstephaner-berlin.de\/\" target=\"_blank\">Weihenstephaner<\/a> am Hackescher Markt der Senator Dr. <a href=\"http:\/\/www.carlesgasoliba.org\/\" target=\"_blank\">Carles Gas\u00f2liba<\/a> eine Gespr\u00e4chsrunde zum Thema &#8220;Katalonien in Europa&#8221; f\u00fchren.<\/span><\/p>\n<p><span style=\"color: #000000;\">Da der Vortrag auf Katalanisch stattfinden wird, bitte wenden Sie sich f\u00fcr weitere Infos an den katalanischen Teil dieser Web.  <\/span><\/p>","protected":false},"excerpt":{"rendered":"<p>Am kommenden Montag den 14. Mai wird um 17:00 Uhr im Weihenstephaner am Hackescher Markt der Senator Dr. Carles Gas\u00f2liba eine Gespr\u00e4chsrunde zum Thema &#8220;Katalonien in Europa&#8221; f\u00fchren. Da der Vortrag auf Katalanisch stattfinden wird, bitte wenden Sie sich f\u00fcr&#8230;<\/p>","protected":false},"author":1,"featured_media":0,"comment_status":"closed","ping_status":"open","sticky":false,"template":"","format":"standard","meta":[],"categories":[1],"tags":[13],"_links":{"self":[{"href":"https:\/\/www.katalanischer-salon.de\/de\/wp-json\/wp\/v2\/posts\/244"}],"collection":[{"href":"https:\/\/www.katalanischer-salon.de\/de\/wp-json\/wp\/v2\/posts"}],"about":[{"href":"https:\/\/www.katalanischer-salon.de\/de\/wp-json\/wp\/v2\/types\/post"}],"author":[{"embeddable":true,"href":"https:\/\/www.katalanischer-salon.de\/de\/wp-json\/wp\/v2\/users\/1"}],"replies":[{"embeddable":true,"href":"https:\/\/www.katalanischer-salon.de\/de\/wp-json\/wp\/v2\/comments?post=244"}],"version-history":[{"count":7,"href":"https:\/\/www.katalanischer-salon.de\/de\/wp-json\/wp\/v2\/posts\/244\/revisions"}],"predecessor-version":[{"id":247,"href":"https:\/\/www.katalanischer-salon.de\/de\/wp-json\/wp\/v2\/posts\/244\/revisions\/247"}],"wp:attachment":[{"href":"https:\/\/www.katalanischer-salon.de\/de\/wp-json\/wp\/v2\/media?parent=244"}],"wp:term":[{"taxonomy":"category","embeddable":true,"href":"https:\/\/www.katalanischer-salon.de\/de\/wp-json\/wp\/v2\/categories?post=244"},{"taxonomy":"post_tag","embeddable":true,"href":"https:\/\/www.katalanischer-salon.de\/de\/wp-json\/wp\/v2\/tags?post=244"}],"curies":[{"name":"wp","href":"https:\/\/api.w.org\/{rel}","templated":true}]}}