{"id":262,"date":"2008-06-27T00:00:24","date_gmt":"2008-06-26T22:00:24","guid":{"rendered":"http:\/\/blog.katalanischer-salon.de\/?p=262"},"modified":"2012-01-11T14:18:42","modified_gmt":"2012-01-11T12:18:42","slug":"concert-de-lieder-catalans-i-alemanys","status":"publish","type":"post","link":"https:\/\/www.katalanischer-salon.de\/de\/berlin\/concert-de-lieder-catalans-i-alemanys\/","title":{"rendered":"Concert de Lieder catalans i alemanys"},"content":{"rendered":"<p><span style=\"color: #000000;\"><br \/>\n<\/span><\/p>\n<p><span style=\"color: #000000;\"> <\/span><span style=\"color: #000000;\">Am kommenden 12. und 13. Juli findet ein deutsch-katalanischer Liederabend statt.\u00a0 Ein Trio bestehend aus Klavier, Soprano und Klarinette spielt Schubert und das Duett Klavier-Gesang bietet uns ein sch\u00f6nes Repertoir von Mozart an.\u00a0 Die zweite Konzerth\u00e4lfte ist dem katalanischen Komponisten <a href=\"http:\/\/de.wikipedia.org\/wiki\/Eduard_Toldr%C3%A0\">Eduard Toldr\u00e0<\/a> (1885-1962) gewidmet. Unter den Initiativen des Katalanischen Salons, stellt dieses Projekt den ersten direkten kulturellen Austausch zwischen Katalonien und Deutschland dar, denn dasselbe Konzert wird auch am 8. August in Solsona aufgef\u00fchrt.<\/span><\/p>\n<p><span style=\"color: #000000;\">Wir freuen uns darauf, Sie an einem der beiden Abende begr\u00fc\u00dfen zu d\u00fcrfen.<\/span><br \/>\n<span style=\"color: #000000;\">Eintritt frei &#8211; um Spenden wird gebeten! <\/span><span style=\"color: #000000;\"><\/span><em><span style=\"color: #000000;\"><br \/>\n<\/span><\/em><\/p>\n<p><a href=\"http:\/\/blog.katalanischer-salon.de\/wp-content\/uploads\/2011\/07\/flyer_koch_mujal.gif\"><img loading=\"lazy\" class=\"alignleft size-full wp-image-260\" title=\"flyer_koch_mujal\" src=\"http:\/\/blog.katalanischer-salon.de\/wp-content\/uploads\/2011\/07\/flyer_koch_mujal.gif\" alt=\"\" width=\"1070\" height=\"1409\" \/><\/a><\/p>","protected":false},"excerpt":{"rendered":"<p>Am kommenden 12. und 13. Juli findet ein deutsch-katalanischer Liederabend statt.\u00a0 Ein Trio bestehend aus Klavier, Soprano und Klarinette spielt Schubert und das Duett Klavier-Gesang bietet uns ein sch\u00f6nes Repertoir von Mozart an.\u00a0 Die zweite Konzerth\u00e4lfte ist dem katalanischen Komponisten&#8230;<\/p>","protected":false},"author":1,"featured_media":0,"comment_status":"closed","ping_status":"open","sticky":false,"template":"","format":"standard","meta":[],"categories":[1],"tags":[16],"_links":{"self":[{"href":"https:\/\/www.katalanischer-salon.de\/de\/wp-json\/wp\/v2\/posts\/262"}],"collection":[{"href":"https:\/\/www.katalanischer-salon.de\/de\/wp-json\/wp\/v2\/posts"}],"about":[{"href":"https:\/\/www.katalanischer-salon.de\/de\/wp-json\/wp\/v2\/types\/post"}],"author":[{"embeddable":true,"href":"https:\/\/www.katalanischer-salon.de\/de\/wp-json\/wp\/v2\/users\/1"}],"replies":[{"embeddable":true,"href":"https:\/\/www.katalanischer-salon.de\/de\/wp-json\/wp\/v2\/comments?post=262"}],"version-history":[{"count":7,"href":"https:\/\/www.katalanischer-salon.de\/de\/wp-json\/wp\/v2\/posts\/262\/revisions"}],"predecessor-version":[{"id":1096,"href":"https:\/\/www.katalanischer-salon.de\/de\/wp-json\/wp\/v2\/posts\/262\/revisions\/1096"}],"wp:attachment":[{"href":"https:\/\/www.katalanischer-salon.de\/de\/wp-json\/wp\/v2\/media?parent=262"}],"wp:term":[{"taxonomy":"category","embeddable":true,"href":"https:\/\/www.katalanischer-salon.de\/de\/wp-json\/wp\/v2\/categories?post=262"},{"taxonomy":"post_tag","embeddable":true,"href":"https:\/\/www.katalanischer-salon.de\/de\/wp-json\/wp\/v2\/tags?post=262"}],"curies":[{"name":"wp","href":"https:\/\/api.w.org\/{rel}","templated":true}]}}