{"id":2831,"date":"2016-03-02T15:10:41","date_gmt":"2016-03-02T13:10:41","guid":{"rendered":"https:\/\/www.katalanischer-salon.de\/\/?p=2831"},"modified":"2016-03-07T11:01:35","modified_gmt":"2016-03-07T09:01:35","slug":"calcotada-berlin-jornada-gastronomica-2016","status":"publish","type":"post","link":"https:\/\/www.katalanischer-salon.de\/de\/berlin\/calcotada-berlin-jornada-gastronomica-2016\/","title":{"rendered":"Cal\u00e7otada Berl\u00edn &#8211; Jornada Gastron\u00f2mica 2016"},"content":{"rendered":"<p><a href=\"https:\/\/www.katalanischer-salon.de\/\/wp-content\/uploads\/2016\/03\/cartell.jpg\"><img loading=\"lazy\" class=\"alignleft size-full wp-image-2838\" src=\"https:\/\/www.katalanischer-salon.de\/\/wp-content\/uploads\/2016\/03\/cartell.jpg\" alt=\"cartell\" width=\"1500\" height=\"2121\" srcset=\"https:\/\/www.katalanischer-salon.de\/wp-content\/uploads\/2016\/03\/cartell.jpg 1500w, https:\/\/www.katalanischer-salon.de\/wp-content\/uploads\/2016\/03\/cartell-212x300.jpg 212w, https:\/\/www.katalanischer-salon.de\/wp-content\/uploads\/2016\/03\/cartell-768x1086.jpg 768w, https:\/\/www.katalanischer-salon.de\/wp-content\/uploads\/2016\/03\/cartell-724x1024.jpg 724w, https:\/\/www.katalanischer-salon.de\/wp-content\/uploads\/2016\/03\/cartell-105x148.jpg 105w, https:\/\/www.katalanischer-salon.de\/wp-content\/uploads\/2016\/03\/cartell-22x31.jpg 22w, https:\/\/www.katalanischer-salon.de\/wp-content\/uploads\/2016\/03\/cartell-27x38.jpg 27w, https:\/\/www.katalanischer-salon.de\/wp-content\/uploads\/2016\/03\/cartell-152x215.jpg 152w\" sizes=\"(max-width: 1500px) 100vw, 1500px\" \/><\/a><\/p>\n<p>Altre cop engeguem la campanya de venda d&#8217;entrades per a la 3a Cal\u00e7otada de Berl\u00edn!<\/p>\n<p>Enguany hem pres cura minuciosament de tots els punts millorables que podien quedar oberts de la passada edici\u00f3 i intentarem, si m\u00e9s no, d&#8217;oferir-vos una jornada memorable entre fum, bons vins i millor m\u00fasica. A vosaltres us encomanem de posar-hi l&#8217;excel\u00b7lent companyia de qu\u00e8 vam gaudir l\u00b4any passat.<\/p>\n<p>Aquest cop no deixarem que el fred ens sorprengui i hem reservat 20 taules sota teulada i calefacci\u00f3, hem ampliat els metres quadrats de foc perqu\u00e8 puguem comen\u00e7ar el servei a l&#8217;hora de dinar i comen\u00e7arem a treballar ben d&#8217;hora perqu\u00e8\u00a0la carn no s&#8217;acabi de coure a l&#8217;hora de berenar. Alhora, us demanem que afegiu a la llista tots els ets i uts que hagin pogut passar per alt o detalls que cregueu que puguin afegir-se a la celebraci\u00f3. Suggeriu sense por! I tamb\u00e9 acceptem de grat la vostra ajuda a l&#8217;hora de coure els cal\u00e7ots. Si alg\u00fa t\u00e9 ganes de viure la festa des de dins, no deixeu passar l&#8217;oportunitat i ajudeu-nos a coure tan nostrada ceba! (Responeu aquest correu amb comentaris i\/o apuntant-vos).<\/p>\n<p>Podeu comprar entrades per als amics i parents al seg\u00fcent enlla\u00e7: www.kasal.eventbrite.de \u00a0Les s\u00f2cies i socis tindreu un bon descompte i no heu de comprar les entrades online, sin\u00f3 directament fent transfer\u00e8ncia de 18 \u20ac o 8\u20ac (adults\/nens fins a 11 anys) al compte del casal. Teniu temps fins el pr\u00f2xim diumenge 6 de mar\u00e7 per a reservar i pagar les entrades de soci. A partir de la setmana vinent, la venda ser\u00e0 nom\u00e9s online al preu de no soci. (Katalanischer Salon, Kontonummer 20000766, BLZ 120 300 00 &#8211; IBAN: DE48 1203 0000 0020 0007 66, BIC: BYLADEM1001).<\/p>\n<p>La festa anir\u00e0 agafant cos i us anirem comunicant m\u00e9s detalls ben aviat.<\/p>\n<p>Quines ganes de cal\u00e7otada, no trobeu?<\/p>","protected":false},"excerpt":{"rendered":"<p>Altre cop engeguem la campanya de venda d&#8217;entrades per a la 3a Cal\u00e7otada de Berl\u00edn! Enguany hem pres cura minuciosament de tots els punts millorables que podien quedar oberts de la passada edici\u00f3 i intentarem, si m\u00e9s no, d&#8217;oferir-vos una&#8230;<\/p>","protected":false},"author":1,"featured_media":0,"comment_status":"closed","ping_status":"open","sticky":false,"template":"","format":"standard","meta":[],"categories":[1],"tags":[42,53,56,55,57,54,39,58],"_links":{"self":[{"href":"https:\/\/www.katalanischer-salon.de\/de\/wp-json\/wp\/v2\/posts\/2831"}],"collection":[{"href":"https:\/\/www.katalanischer-salon.de\/de\/wp-json\/wp\/v2\/posts"}],"about":[{"href":"https:\/\/www.katalanischer-salon.de\/de\/wp-json\/wp\/v2\/types\/post"}],"author":[{"embeddable":true,"href":"https:\/\/www.katalanischer-salon.de\/de\/wp-json\/wp\/v2\/users\/1"}],"replies":[{"embeddable":true,"href":"https:\/\/www.katalanischer-salon.de\/de\/wp-json\/wp\/v2\/comments?post=2831"}],"version-history":[{"count":4,"href":"https:\/\/www.katalanischer-salon.de\/de\/wp-json\/wp\/v2\/posts\/2831\/revisions"}],"predecessor-version":[{"id":2839,"href":"https:\/\/www.katalanischer-salon.de\/de\/wp-json\/wp\/v2\/posts\/2831\/revisions\/2839"}],"wp:attachment":[{"href":"https:\/\/www.katalanischer-salon.de\/de\/wp-json\/wp\/v2\/media?parent=2831"}],"wp:term":[{"taxonomy":"category","embeddable":true,"href":"https:\/\/www.katalanischer-salon.de\/de\/wp-json\/wp\/v2\/categories?post=2831"},{"taxonomy":"post_tag","embeddable":true,"href":"https:\/\/www.katalanischer-salon.de\/de\/wp-json\/wp\/v2\/tags?post=2831"}],"curies":[{"name":"wp","href":"https:\/\/api.w.org\/{rel}","templated":true}]}}