{"id":3075,"date":"2018-02-18T12:00:56","date_gmt":"2018-02-18T10:00:56","guid":{"rendered":"https:\/\/www.katalanischer-salon.de\/?p=3075"},"modified":"2018-04-18T18:38:47","modified_gmt":"2018-04-18T16:38:47","slug":"calcotada-2018","status":"publish","type":"post","link":"https:\/\/www.katalanischer-salon.de\/de\/activitats\/calcotada-2018\/","title":{"rendered":"Cal\u00e7otada 2018"},"content":{"rendered":"<p><img loading=\"lazy\" class=\"alignnone wp-image-3079 size-full\" src=\"https:\/\/www.katalanischer-salon.de\/wp-content\/uploads\/2018\/02\/Calc\u0327otada_2018-horitzontal.jpg\" alt=\"\" width=\"1500\" height=\"861\" srcset=\"https:\/\/www.katalanischer-salon.de\/wp-content\/uploads\/2018\/02\/Calc\u0327otada_2018-horitzontal.jpg 1500w, https:\/\/www.katalanischer-salon.de\/wp-content\/uploads\/2018\/02\/Calc\u0327otada_2018-horitzontal-300x172.jpg 300w, https:\/\/www.katalanischer-salon.de\/wp-content\/uploads\/2018\/02\/Calc\u0327otada_2018-horitzontal-768x441.jpg 768w, https:\/\/www.katalanischer-salon.de\/wp-content\/uploads\/2018\/02\/Calc\u0327otada_2018-horitzontal-1024x588.jpg 1024w, https:\/\/www.katalanischer-salon.de\/wp-content\/uploads\/2018\/02\/Calc\u0327otada_2018-horitzontal-148x85.jpg 148w, https:\/\/www.katalanischer-salon.de\/wp-content\/uploads\/2018\/02\/Calc\u0327otada_2018-horitzontal-31x18.jpg 31w, https:\/\/www.katalanischer-salon.de\/wp-content\/uploads\/2018\/02\/Calc\u0327otada_2018-horitzontal-38x22.jpg 38w, https:\/\/www.katalanischer-salon.de\/wp-content\/uploads\/2018\/02\/Calc\u0327otada_2018-horitzontal-375x215.jpg 375w\" sizes=\"(max-width: 1500px) 100vw, 1500px\" \/><\/p>\n<div style=\"width: 100%; text-align: left;\">\n<div style=\"width: 1280px;\" class=\"wp-video\"><!--[if lt IE 9]><script>document.createElement('video');<\/script><![endif]-->\n<video class=\"wp-video-shortcode\" id=\"video-3075-1\" width=\"1280\" height=\"720\" preload=\"metadata\" controls=\"controls\"><source type=\"video\/mp4\" src=\"https:\/\/www.katalanischer-salon.de\/wp-content\/uploads\/2018\/02\/calc\u0327otada_1.mp4?_=1\" \/><a href=\"https:\/\/www.katalanischer-salon.de\/wp-content\/uploads\/2018\/02\/calc\u0327otada_1.mp4\">https:\/\/www.katalanischer-salon.de\/wp-content\/uploads\/2018\/02\/calc\u0327otada_1.mp4<\/a><\/video><\/div>\n<\/div>\n<p><span class=\"_4n-j _fbReactionComponent__eventDetailsContentTags fsl\" data-testid=\"event-permalink-details\"><\/span><\/p>\n\n<p>Wie jedes Jahr steht nun wieder eines der meist erwarteten Feste der katalanischen Gemeinde vor der T\u00fcr: die Cal\u00e7otada (das Fr\u00fchlingszwiebeln-Essen) des Katalanischen Salons.<\/p>\n<p>Dieses Volksfest vereint Katalanen, Deutsche und alle Fans dieser Tradition im Zukunft am Ostkreuz zusammen. Dieser Ort erm\u00f6glicht es auch bei schlechtem Wetter, die Cal\u00e7ots und Live-Musik im trockenen und \u00fcberdacht zu genie\u00dfen. Die Cal\u00e7ots, wie immer f\u00fcr diesen Anlass aus Katalonien &#8220;eingeflogenen&#8221;, werden \u00fcber offenem Feuer im Innenhof ger\u00f6stet. Wenn Sie neugierig sind, werfen Sie dort einen Blick!<\/p>\n<p>Mitglieder und Sympathisanten, alle mit ihren Familien, Freunden oder Bekannten, &#8230;und alle die, die sich dieses Event nicht entgehen lassen m\u00f6chten sind herzlich willkommen.<\/p>\n<p>Einlass um 11.00 Uhr!<\/p>\n<p>Um 12.00 Uhr beginnt die Weinprobe katalanischer Weine mit Herr V\u00edctor Linde von \u201eVinos y tapas\u201c: begrenzte Pl\u00e4tze f\u00fcr bis zu 40 Personen, unabh\u00e4ngiger Eintritt. Wir werden Ihnen bald mehr Informationen \u00fcber die Weine und den Cava geben, die uns pr\u00e4sentiert werden.<\/p>\n<p>Um 13:00 Uhr werden wir die Cal\u00e7ots und Botifarres (katalan. Grillw\u00fcrste) bedienen. F\u00fcr Veganer &amp; Veggies , aus BIO Tofu. Leider k\u00f6nnen wir keinen Kaffee anbieten, da die Bar des Zukunfts \u00fcber keine Kaffeemaschine verf\u00fcgt. Nichtsdestotrotz, alle Kaffeeliebhaber k\u00f6nnen gerne ihreThermokanne mitbringen.<\/p>\n<p>Zum Abschlu\u00df, gegen 16:00 Uhr, wird es Livemusik geben mit Jakkle!!<\/p>\n<p>Wir haben die Preise von letzten Jahr gehalten. Abh\u00e4ngig davon wann die Karten gekauft werden, gibt es unterschiedliche Preise (26-35 \u20ac). Kinder unter 11 Jahren nur 10 \u20ac. Mitglieder nur 18\u20ac.<span style=\"font-weight: 400;\">\u00a0<\/span><\/p>\n<p><span class=\"_4n-j _fbReactionComponent__eventDetailsContentTags fsl\" data-testid=\"event-permalink-details\"><\/span><\/p>\n<p><img loading=\"lazy\" class=\"aligncenter wp-image-3184 size-large\" src=\"https:\/\/www.katalanischer-salon.de\/wp-content\/uploads\/2018\/02\/Calc\u0327otada_2018_preview-569x1024.jpg\" alt=\"\" width=\"569\" height=\"1024\" srcset=\"https:\/\/www.katalanischer-salon.de\/wp-content\/uploads\/2018\/02\/Calc\u0327otada_2018_preview-569x1024.jpg 569w, https:\/\/www.katalanischer-salon.de\/wp-content\/uploads\/2018\/02\/Calc\u0327otada_2018_preview-167x300.jpg 167w, https:\/\/www.katalanischer-salon.de\/wp-content\/uploads\/2018\/02\/Calc\u0327otada_2018_preview-768x1382.jpg 768w, https:\/\/www.katalanischer-salon.de\/wp-content\/uploads\/2018\/02\/Calc\u0327otada_2018_preview-82x148.jpg 82w, https:\/\/www.katalanischer-salon.de\/wp-content\/uploads\/2018\/02\/Calc\u0327otada_2018_preview-17x31.jpg 17w, https:\/\/www.katalanischer-salon.de\/wp-content\/uploads\/2018\/02\/Calc\u0327otada_2018_preview-21x38.jpg 21w, https:\/\/www.katalanischer-salon.de\/wp-content\/uploads\/2018\/02\/Calc\u0327otada_2018_preview-119x215.jpg 119w, https:\/\/www.katalanischer-salon.de\/wp-content\/uploads\/2018\/02\/Calc\u0327otada_2018_preview.jpg 800w\" sizes=\"(max-width: 569px) 100vw, 569px\" \/><br \/>\n<!-- <fw_preview_session>1519561413174<\/fw_preview_session> --><\/p>","protected":false},"excerpt":{"rendered":"<p>Am n\u00e4chsten Sonntag den 18.3. werden wir uns im Zukunft am Ostkreuz (Laskerstra\u00dfe 5, 10245 Berlin) treffen, wie schon gewohnt, von 12.00 bis 20.30 Uhr.<\/p>","protected":false},"author":1,"featured_media":3184,"comment_status":"closed","ping_status":"open","sticky":false,"template":"","format":"standard","meta":[],"categories":[8],"tags":[],"_links":{"self":[{"href":"https:\/\/www.katalanischer-salon.de\/de\/wp-json\/wp\/v2\/posts\/3075"}],"collection":[{"href":"https:\/\/www.katalanischer-salon.de\/de\/wp-json\/wp\/v2\/posts"}],"about":[{"href":"https:\/\/www.katalanischer-salon.de\/de\/wp-json\/wp\/v2\/types\/post"}],"author":[{"embeddable":true,"href":"https:\/\/www.katalanischer-salon.de\/de\/wp-json\/wp\/v2\/users\/1"}],"replies":[{"embeddable":true,"href":"https:\/\/www.katalanischer-salon.de\/de\/wp-json\/wp\/v2\/comments?post=3075"}],"version-history":[{"count":18,"href":"https:\/\/www.katalanischer-salon.de\/de\/wp-json\/wp\/v2\/posts\/3075\/revisions"}],"predecessor-version":[{"id":3201,"href":"https:\/\/www.katalanischer-salon.de\/de\/wp-json\/wp\/v2\/posts\/3075\/revisions\/3201"}],"wp:featuredmedia":[{"embeddable":true,"href":"https:\/\/www.katalanischer-salon.de\/de\/wp-json\/wp\/v2\/media\/3184"}],"wp:attachment":[{"href":"https:\/\/www.katalanischer-salon.de\/de\/wp-json\/wp\/v2\/media?parent=3075"}],"wp:term":[{"taxonomy":"category","embeddable":true,"href":"https:\/\/www.katalanischer-salon.de\/de\/wp-json\/wp\/v2\/categories?post=3075"},{"taxonomy":"post_tag","embeddable":true,"href":"https:\/\/www.katalanischer-salon.de\/de\/wp-json\/wp\/v2\/tags?post=3075"}],"curies":[{"name":"wp","href":"https:\/\/api.w.org\/{rel}","templated":true}]}}