{"id":320,"date":"2007-10-19T00:00:50","date_gmt":"2007-10-18T22:00:50","guid":{"rendered":"http:\/\/blog.katalanischer-salon.de\/?p=320"},"modified":"2012-01-17T13:34:06","modified_gmt":"2012-01-17T11:34:06","slug":"concert-de-tardor-i-castanyada","status":"publish","type":"post","link":"https:\/\/www.katalanischer-salon.de\/de\/berlin\/concert-de-tardor-i-castanyada\/","title":{"rendered":"Concert de tardor i castanyada 2007"},"content":{"rendered":"<p><span style=\"color: #000000;\"><\/p>\n<p><span style=\"color: #000000;\"> Im Katalanischen Salon, <strong>am 4. November um 17:00h <\/strong>feiern wir das <strong>Herbstfest<\/strong>, nat\u00fcrlich\u00a0mit <em>Panellets<\/em> (Marzipankugeln), Kastanien und S\u00fc\u00dfkartoffel! Wie letzten Jahr, wird das Herbstfest\u00a0im Lokal des\u00a0<a href=\"http:\/\/www.amvberlin.de\/\" target=\"_blank\">AMV <\/a>stattfinden.<\/span><\/p>\n<p><span style=\"color: #000000;\">Zusammen mit den <em>Panellets <\/em>und dem Wein vom <\/span><a href=\"http:\/\/www.spanische-weine-berlin.de\/\" target=\"_blank\">Weinkontor d&#8217;Steglitz<\/a><span style=\"color: #000000;\">,\u00a0Gerti  und Helmut Harig werden uns Fl\u00f6tenduo anbieten, Alexander Michel  (Mitglied des KaSals) und Val\u00e9rie Sinn, ein Klarinettenduo und Helena  Ponnier (auch Mitglied des KaSals) ein Harfensolo.<\/span><\/p>\n<address><span style=\"color: #000000;\"> <a href=\"https:\/\/www.katalanischer-salon.de\/\/wp-content\/uploads\/2007\/10\/capecelera-castanyada-2007.jpg\"><img loading=\"lazy\" class=\"alignleft size-full wp-image-1080\" title=\"capecelera castanyada 2007\" src=\"https:\/\/www.katalanischer-salon.de\/\/wp-content\/uploads\/2007\/10\/capecelera-castanyada-2007.jpg\" alt=\"\" width=\"347\" height=\"217\" \/><\/a><a href=\"https:\/\/www.katalanischer-salon.de\/\/wp-content\/uploads\/2007\/10\/mapa_amv.pdf\" target=\"_blank\">AMV<\/a><\/span><\/address>\n<address><span style=\"color: #000000;\"> Bremerstr. 68<\/span><\/address>\n<address><span style=\"color: #000000;\"> 10551 Berlin-Moabit<\/span><\/address>\n<address><span style=\"color: #000000;\"> In der N\u00e4he vom Rathaus Moabit und der Markthalle, U9-Turmstr., Ring-Bahn Beusselstr. <\/span><\/address>\n<address> <\/address>\n<address> <\/address>\n<address><span style=\"color: #000000;\"> Eintritt: <\/span><\/address>\n<address><span style=\"color: #000000;\"> normal: 3\u20ac<\/span><\/address>\n<address><span style=\"color: #000000;\"> KaSal-Mitglieder: 2\u20ac<\/span><\/address>\n<address><span style=\"color: #000000;\"> Kinder im Alter bis zu 10 Jahre: gratis<\/span><\/address>\n<p>&nbsp;<\/p>\n<p><span style=\"color: #000000;\">Au\u00dferdem, wenn Sie m\u00f6chten, k\u00f6nnten Sie uns am Tag bevor ab 15:00h begleiten, die <em>Panellets<\/em> zu backen. Das wird in der Begegnungsst\u00e4tte\u00a0der Volkssolidarit\u00e4t  stattfinden, Torstr. 203-205 (U6-Oranienburgertor,\u00a0S-Bahn Friedrichstr. i\u00a0Oranienburgerstr..<\/span><\/p>\n<p><a href=\"https:\/\/www.katalanischer-salon.de\/\/wp-content\/uploads\/2007\/10\/invitacio_castanyada-2007.pdf\" target=\"_blank\">Einladung zur Castanyada<\/a><span style=\"color: #000000;\"> <\/span><\/p>","protected":false},"excerpt":{"rendered":"<p>Im Katalanischen Salon, am 4. November um 17:00h feiern wir das Herbstfest, nat\u00fcrlich\u00a0mit Panellets (Marzipankugeln), Kastanien und S\u00fc\u00dfkartoffel! Wie letzten Jahr, wird das Herbstfest\u00a0im Lokal des\u00a0AMV stattfinden. Zusammen mit den Panellets und dem Wein vom Weinkontor d&#8217;Steglitz,\u00a0Gerti und Helmut Harig&#8230;<\/p>","protected":false},"author":1,"featured_media":0,"comment_status":"closed","ping_status":"open","sticky":false,"template":"","format":"standard","meta":[],"categories":[1],"tags":[26,19],"_links":{"self":[{"href":"https:\/\/www.katalanischer-salon.de\/de\/wp-json\/wp\/v2\/posts\/320"}],"collection":[{"href":"https:\/\/www.katalanischer-salon.de\/de\/wp-json\/wp\/v2\/posts"}],"about":[{"href":"https:\/\/www.katalanischer-salon.de\/de\/wp-json\/wp\/v2\/types\/post"}],"author":[{"embeddable":true,"href":"https:\/\/www.katalanischer-salon.de\/de\/wp-json\/wp\/v2\/users\/1"}],"replies":[{"embeddable":true,"href":"https:\/\/www.katalanischer-salon.de\/de\/wp-json\/wp\/v2\/comments?post=320"}],"version-history":[{"count":7,"href":"https:\/\/www.katalanischer-salon.de\/de\/wp-json\/wp\/v2\/posts\/320\/revisions"}],"predecessor-version":[{"id":322,"href":"https:\/\/www.katalanischer-salon.de\/de\/wp-json\/wp\/v2\/posts\/320\/revisions\/322"}],"wp:attachment":[{"href":"https:\/\/www.katalanischer-salon.de\/de\/wp-json\/wp\/v2\/media?parent=320"}],"wp:term":[{"taxonomy":"category","embeddable":true,"href":"https:\/\/www.katalanischer-salon.de\/de\/wp-json\/wp\/v2\/categories?post=320"},{"taxonomy":"post_tag","embeddable":true,"href":"https:\/\/www.katalanischer-salon.de\/de\/wp-json\/wp\/v2\/tags?post=320"}],"curies":[{"name":"wp","href":"https:\/\/api.w.org\/{rel}","templated":true}]}}