{"id":3205,"date":"2018-06-12T20:28:02","date_gmt":"2018-06-12T18:28:02","guid":{"rendered":"https:\/\/www.katalanischer-salon.de\/?p=3205"},"modified":"2020-09-30T20:11:21","modified_gmt":"2020-09-30T18:11:21","slug":"sant-joan-30-06-2018","status":"publish","type":"post","link":"https:\/\/www.katalanischer-salon.de\/de\/activitats\/sant-joan-30-06-2018\/","title":{"rendered":"Sant Joan &#8211; 30\/06\/2018"},"content":{"rendered":"<p><img loading=\"lazy\" class=\"alignleft wp-image-3207 size-full\" src=\"https:\/\/www.katalanischer-salon.de\/wp-content\/uploads\/2018\/06\/Screen-Shot-2018-06-12-at-20.27.14.png\" alt=\"\" width=\"592\" height=\"814\" srcset=\"https:\/\/www.katalanischer-salon.de\/wp-content\/uploads\/2018\/06\/Screen-Shot-2018-06-12-at-20.27.14.png 592w, https:\/\/www.katalanischer-salon.de\/wp-content\/uploads\/2018\/06\/Screen-Shot-2018-06-12-at-20.27.14-218x300.png 218w, https:\/\/www.katalanischer-salon.de\/wp-content\/uploads\/2018\/06\/Screen-Shot-2018-06-12-at-20.27.14-108x148.png 108w, https:\/\/www.katalanischer-salon.de\/wp-content\/uploads\/2018\/06\/Screen-Shot-2018-06-12-at-20.27.14-23x31.png 23w, https:\/\/www.katalanischer-salon.de\/wp-content\/uploads\/2018\/06\/Screen-Shot-2018-06-12-at-20.27.14-28x38.png 28w, https:\/\/www.katalanischer-salon.de\/wp-content\/uploads\/2018\/06\/Screen-Shot-2018-06-12-at-20.27.14-156x215.png 156w\" sizes=\"(max-width: 592px) 100vw, 592px\" \/>Am 30.06.18 feiern wir nachtr\u00e4glich St.Joan in Berlin. Wir werden zu diesem Anlass ein live Konzert von I Pizzicati Berlin haben. \nTraditionelle Tanzmusik aus S\u00fcditalien, \"die so genannte Tarantella\" live f\u00fcr Euch!\nSie spielen, singen und tanzen \u00fcberall dort, wo lebendige Musik gern geh\u00f6rt, gesehen und erlebt wird!\u00a0<a href=\"https:\/\/www.facebook.com\/I.Pizzicati.Berlin\/\" target=\"_blank\" rel=\"noopener\">I Pizzicati Berlin<\/a><\/p>\n<p>Wir er\u00f6ffnen den Grill um 19:30h. Bringt mal euer Essen mit und feiert mit uns. Sonst werdet ihr das richtig bereuen!<br \/>\nNach dem Konzert feiern wir weiter! Geniesst die Musik von NANOK bis Sonnenaufgang.<\/p>\n<p>Wir freuen uns auf Euch!<br \/>\nUs hi esperem a tots!<\/p>","protected":false},"excerpt":{"rendered":"<p>La revetlla de Sant Joan arriba a Berl\u00edn el dia 30.06.18 i aquest cop us transportem al sud d&#8217;it\u00e0lia i us fem ballar tarantella amb la m\u00fasica en directe de\u00a0I Pizzicati Berlin Obrim a les 19:30h amb una barbacoa. Porteu&#8230;<\/p>","protected":false},"author":1,"featured_media":3207,"comment_status":"closed","ping_status":"open","sticky":false,"template":"","format":"standard","meta":[],"categories":[8],"tags":[],"_links":{"self":[{"href":"https:\/\/www.katalanischer-salon.de\/de\/wp-json\/wp\/v2\/posts\/3205"}],"collection":[{"href":"https:\/\/www.katalanischer-salon.de\/de\/wp-json\/wp\/v2\/posts"}],"about":[{"href":"https:\/\/www.katalanischer-salon.de\/de\/wp-json\/wp\/v2\/types\/post"}],"author":[{"embeddable":true,"href":"https:\/\/www.katalanischer-salon.de\/de\/wp-json\/wp\/v2\/users\/1"}],"replies":[{"embeddable":true,"href":"https:\/\/www.katalanischer-salon.de\/de\/wp-json\/wp\/v2\/comments?post=3205"}],"version-history":[{"count":2,"href":"https:\/\/www.katalanischer-salon.de\/de\/wp-json\/wp\/v2\/posts\/3205\/revisions"}],"predecessor-version":[{"id":3210,"href":"https:\/\/www.katalanischer-salon.de\/de\/wp-json\/wp\/v2\/posts\/3205\/revisions\/3210"}],"wp:featuredmedia":[{"embeddable":true,"href":"https:\/\/www.katalanischer-salon.de\/de\/wp-json\/wp\/v2\/media\/3207"}],"wp:attachment":[{"href":"https:\/\/www.katalanischer-salon.de\/de\/wp-json\/wp\/v2\/media?parent=3205"}],"wp:term":[{"taxonomy":"category","embeddable":true,"href":"https:\/\/www.katalanischer-salon.de\/de\/wp-json\/wp\/v2\/categories?post=3205"},{"taxonomy":"post_tag","embeddable":true,"href":"https:\/\/www.katalanischer-salon.de\/de\/wp-json\/wp\/v2\/tags?post=3205"}],"curies":[{"name":"wp","href":"https:\/\/api.w.org\/{rel}","templated":true}]}}