{"id":3527,"date":"2021-10-11T12:05:44","date_gmt":"2021-10-11T10:05:44","guid":{"rendered":"https:\/\/www.katalanischer-salon.de\/?p=3527"},"modified":"2021-10-11T12:13:53","modified_gmt":"2021-10-11T10:13:53","slug":"dret-a-vacunacio-a-catalunya-dels-catalans-residents-a-lexterior","status":"publish","type":"post","link":"https:\/\/www.katalanischer-salon.de\/de\/actualitat\/dret-a-vacunacio-a-catalunya-dels-catalans-residents-a-lexterior\/","title":{"rendered":"Dret a vacunaci\u00f3 a Catalunya dels catalans residents a l&#8217;exterior"},"content":{"rendered":"<p>Compartim la informaci\u00f3 proporcionada per la Delegaci\u00f3 del Govern de Catalunya a Alemanya:\u00a0com a catalans residents a l\u2019exterior tamb\u00e9 teniu la possibilitat de vacunar-vos a Catalunya. En la seg\u00fcent infografia expliquen com es pot concertar una cita a trav\u00e9s de CatSalut:<\/p>\n<p><img loading=\"lazy\" class=\"alignnone size-full wp-image-3528\" src=\"https:\/\/www.katalanischer-salon.de\/wp-content\/uploads\/2021\/10\/unnamed.jpg\" alt=\"\" width=\"706\" height=\"1000\" srcset=\"https:\/\/www.katalanischer-salon.de\/wp-content\/uploads\/2021\/10\/unnamed.jpg 706w, https:\/\/www.katalanischer-salon.de\/wp-content\/uploads\/2021\/10\/unnamed-212x300.jpg 212w, https:\/\/www.katalanischer-salon.de\/wp-content\/uploads\/2021\/10\/unnamed-104x148.jpg 104w, https:\/\/www.katalanischer-salon.de\/wp-content\/uploads\/2021\/10\/unnamed-22x31.jpg 22w, https:\/\/www.katalanischer-salon.de\/wp-content\/uploads\/2021\/10\/unnamed-27x38.jpg 27w, https:\/\/www.katalanischer-salon.de\/wp-content\/uploads\/2021\/10\/unnamed-152x215.jpg 152w\" sizes=\"(max-width: 706px) 100vw, 706px\" \/><\/p>\n<p>&nbsp;<\/p>\n<p>*Foto: Acci\u00f3 Exterior i Govern Obert<\/p>","protected":false},"excerpt":{"rendered":"<p>Compartim la informaci\u00f3 proporcionada per la Delegaci\u00f3 del Govern de Catalunya a Alemanya:\u00a0com a catalans residents a l\u2019exterior tamb\u00e9 teniu la possibilitat de vacunar-vos a Catalunya. En la seg\u00fcent infografia expliquen com es pot concertar una cita a trav\u00e9s de&#8230;<\/p>","protected":false},"author":5,"featured_media":3529,"comment_status":"closed","ping_status":"open","sticky":false,"template":"","format":"standard","meta":[],"categories":[86],"tags":[],"_links":{"self":[{"href":"https:\/\/www.katalanischer-salon.de\/de\/wp-json\/wp\/v2\/posts\/3527"}],"collection":[{"href":"https:\/\/www.katalanischer-salon.de\/de\/wp-json\/wp\/v2\/posts"}],"about":[{"href":"https:\/\/www.katalanischer-salon.de\/de\/wp-json\/wp\/v2\/types\/post"}],"author":[{"embeddable":true,"href":"https:\/\/www.katalanischer-salon.de\/de\/wp-json\/wp\/v2\/users\/5"}],"replies":[{"embeddable":true,"href":"https:\/\/www.katalanischer-salon.de\/de\/wp-json\/wp\/v2\/comments?post=3527"}],"version-history":[{"count":1,"href":"https:\/\/www.katalanischer-salon.de\/de\/wp-json\/wp\/v2\/posts\/3527\/revisions"}],"predecessor-version":[{"id":3530,"href":"https:\/\/www.katalanischer-salon.de\/de\/wp-json\/wp\/v2\/posts\/3527\/revisions\/3530"}],"wp:featuredmedia":[{"embeddable":true,"href":"https:\/\/www.katalanischer-salon.de\/de\/wp-json\/wp\/v2\/media\/3529"}],"wp:attachment":[{"href":"https:\/\/www.katalanischer-salon.de\/de\/wp-json\/wp\/v2\/media?parent=3527"}],"wp:term":[{"taxonomy":"category","embeddable":true,"href":"https:\/\/www.katalanischer-salon.de\/de\/wp-json\/wp\/v2\/categories?post=3527"},{"taxonomy":"post_tag","embeddable":true,"href":"https:\/\/www.katalanischer-salon.de\/de\/wp-json\/wp\/v2\/tags?post=3527"}],"curies":[{"name":"wp","href":"https:\/\/api.w.org\/{rel}","templated":true}]}}