{"id":3534,"date":"2021-10-11T12:13:02","date_gmt":"2021-10-11T10:13:02","guid":{"rendered":"https:\/\/www.katalanischer-salon.de\/?p=3534"},"modified":"2021-10-11T12:13:02","modified_gmt":"2021-10-11T10:13:02","slug":"covid-19-canvis-en-les-mesures-de-desplacament-entre-catalunya-i-alemanya","status":"publish","type":"post","link":"https:\/\/www.katalanischer-salon.de\/de\/actualitat\/covid-19-canvis-en-les-mesures-de-desplacament-entre-catalunya-i-alemanya\/","title":{"rendered":"COVID-19: Canvis en les mesures de despla\u00e7ament entre Catalunya i Alemanya"},"content":{"rendered":"<p>Des del 22 d&#8217;agost\u00a0<strong>Catalunya ja no \u00e9s considerada zona d&#8217;alta incid\u00e8ncia<\/strong>\u00a0per les autoritats sanit\u00e0ries alemanyes. Per aquest motiu ja no es requereix l&#8217;emplenament de l&#8217;Einreseanmeldung. No obstant aix\u00f2, continua sent obligatori, a partir dels 12 anys, presentar un dels certificats seg\u00fcents:<\/p>\n<p>&#8211;\u00a0<strong>Certificat de test negatiu<\/strong>:<\/p>\n<p><strong>PCR<\/strong>\u00a0feta un m\u00e0xim de\u00a0<strong>72 h abans<\/strong>\u00a0de l&#8217;embarcament;\u00a0<strong>test d&#8217;ant\u00edgens<\/strong>\u00a0fet un m\u00e0xim de\u00a0<strong>48 h abans\u00a0<\/strong>de l&#8217;embarcament.<\/p>\n<p>&#8211;\u00a0<strong>Certificat de vacunaci\u00f3<\/strong>:<\/p>\n<p>En paper (certificat internacional de vacunaci\u00f3) o digital (certificat europeu)<\/p>\n<p><strong>V\u00e0lid 14 dies despr\u00e9s<\/strong>d&#8217;haver rebut l&#8217;\u00faltima dosi necess\u00e0ria<\/p>\n<p>&#8211;\u00a0<strong>Certificat de recuperaci\u00f3<\/strong><\/p>\n<p><strong>Resultat positiu d&#8217;una PCR<\/strong>\u00a0que s&#8217;hagi realitzat com a molt d&#8217;hora\u00a0<strong>28 dies abans del viatge\u00a0<\/strong>i com a molt tard 6 mesos abans.<\/p>\n<p>Els tres certificats es poden presentar en alemany, angl\u00e8s, franc\u00e8s, itali\u00e0 o espanyol.<\/p>\n<p>\u00c9s igualment obligatori estar en possessi\u00f3 d&#8217;un dels certificats en el cas de despla\u00e7aments per via terrestre.<\/p>\n<p>En canvi, l&#8217;Estat Espanyol considera des del 23 d&#8217;agost la totalitat del territori Alemany com a zona de risc. Per tant cal tenir en compte les mesures que ja s&#8217;aplicaven fins ara als estats federats amb una incid\u00e8ncia m\u00e9s alta. Podeu consultar-les al\u00a0<a href=\"http:\/\/postman.mynewsdesk.com\/ls\/click?upn=GWgQbGFfuktnQAJSmi3V-2BfjJ-2Fqmk3HjnTFeQGagm7qTTwLjtU2-2B2Dljw87ztW-2B5wVGpU2vt2nagj7ZVdVrWG3fFl55hlsqdCqYrFmxT30OjIFUkEpUQ8y4fvqHvjQTjhYCtEnhP8fPXTnJ0B3nYQuo3a9uHAnf-2B6-2BgB52tQjMAksjVME-2FMqQIhlcAfj2cTwhVRdDTgtkzzJyYnEkjDVTtIcRqcurJLBdpqZVE167bPKq6lcwbX0RomNfvUx83fV6N2ps_FpeuewKFcqQm9HWALmNHP80KwbrCqfDO-2B9rqR1lceHtH95PL-2ByuwZ7pJYwrh6qnwyVVG3dOhicszVvck34ZdI1xXGw1rO9gaTHccykYa49yrcHURQonI5fp23eVBMwLiSDEF1IZf3OEXMAXdx70RYYp4fdTDvqmqpVuvArz4w6Vfgq-2B-2BfQaYOyYs0V-2FbQKAFpXRqWV40qFS2cnKEdG1fQ5sUndZmHfiOHUNGM43Tlxt6MIXlv8i1KRAmtb85fe5Y-2Bp1wPKd0oDOGSFR1F0v6H4PrQ3fCDlXSzzpTXRdP2s2dSMFHMtHDQjif7jy3ulqwcZ2tGPDusO-2F01AUwwuVBSpoZHhhamR6C8RetOHlUxmp5H31hkyYp4lQ0LPuBHaCGyedscNrYUNl-2F-2FVtaBuxTXw-3D-3D\" target=\"_blank\" rel=\"noopener\" data-saferedirecturl=\"https:\/\/www.google.com\/url?q=http:\/\/postman.mynewsdesk.com\/ls\/click?upn%3DGWgQbGFfuktnQAJSmi3V-2BfjJ-2Fqmk3HjnTFeQGagm7qTTwLjtU2-2B2Dljw87ztW-2B5wVGpU2vt2nagj7ZVdVrWG3fFl55hlsqdCqYrFmxT30OjIFUkEpUQ8y4fvqHvjQTjhYCtEnhP8fPXTnJ0B3nYQuo3a9uHAnf-2B6-2BgB52tQjMAksjVME-2FMqQIhlcAfj2cTwhVRdDTgtkzzJyYnEkjDVTtIcRqcurJLBdpqZVE167bPKq6lcwbX0RomNfvUx83fV6N2ps_FpeuewKFcqQm9HWALmNHP80KwbrCqfDO-2B9rqR1lceHtH95PL-2ByuwZ7pJYwrh6qnwyVVG3dOhicszVvck34ZdI1xXGw1rO9gaTHccykYa49yrcHURQonI5fp23eVBMwLiSDEF1IZf3OEXMAXdx70RYYp4fdTDvqmqpVuvArz4w6Vfgq-2B-2BfQaYOyYs0V-2FbQKAFpXRqWV40qFS2cnKEdG1fQ5sUndZmHfiOHUNGM43Tlxt6MIXlv8i1KRAmtb85fe5Y-2Bp1wPKd0oDOGSFR1F0v6H4PrQ3fCDlXSzzpTXRdP2s2dSMFHMtHDQjif7jy3ulqwcZ2tGPDusO-2F01AUwwuVBSpoZHhhamR6C8RetOHlUxmp5H31hkyYp4lQ0LPuBHaCGyedscNrYUNl-2F-2FVtaBuxTXw-3D-3D&amp;source=gmail&amp;ust=1633969551164000&amp;usg=AFQjCNGWN0KZcOFTBElzZDs7tJY44paO4w\">butllet\u00ed anterior.<\/a><\/p>\n<p>Per transitar per Fran\u00e7a cal tenir en compte\u00a0<a href=\"http:\/\/postman.mynewsdesk.com\/ls\/click?upn=GWgQbGFfuktnQAJSmi3V-2BfyDAiErPnO3FkcWED6Y-2BwQkpZrHdDKvygDov52-2FePbrF6wyQNGif-2Bh4CpZ8NYFg3zW2LjRuXCoJy7Snjb19UJxD1K8PBAZgoptlXHIfzs0lDQ1EeGcqCFmLGpJ0PiwXAd0u-2BemPWqrjBBhrALpGhfWjv7i2vyjhaAA7wSb5VbbRh16pxc2TYchmU3FA8uDQzGjzoEobFvajns-2BE9huMas6fQZg40eqsNLkseaTnb-2FMCMdVZyaMUR50U4V3dTmgS0pIW6LmGwMK68zJ5Wk7-2FCUs-3DrtR8_FpeuewKFcqQm9HWALmNHP80KwbrCqfDO-2B9rqR1lceHtH95PL-2ByuwZ7pJYwrh6qnwyVVG3dOhicszVvck34ZdI1xXGw1rO9gaTHccykYa49yrcHURQonI5fp23eVBMwLiSDEF1IZf3OEXMAXdx70RYYp4fdTDvqmqpVuvArz4w6Vfgq-2B-2BfQaYOyYs0V-2FbQKAFH1CUA3ftyDyhjx-2BMtQEyb42eQOIbr5Qea9FJ4NvVdbJmj6cZhZG6jZz6AwFyEfs8fIU6Evl5DNJ-2FPLH9bPIqISSLEJD-2BTylIt3MA6XLJ-2BF8yJT1OZr1dpyQZI3FN6nRwX0iKUKQuzO-2BPwfBi4sx61uL0lQHVjkOrY6DxlLoFjWo4zpOewh-2BaFVPribRvVpE28gP5nBJqlGJF3nvnGjkfAQ-3D-3D\" target=\"_blank\" rel=\"noopener\" data-saferedirecturl=\"https:\/\/www.google.com\/url?q=http:\/\/postman.mynewsdesk.com\/ls\/click?upn%3DGWgQbGFfuktnQAJSmi3V-2BfyDAiErPnO3FkcWED6Y-2BwQkpZrHdDKvygDov52-2FePbrF6wyQNGif-2Bh4CpZ8NYFg3zW2LjRuXCoJy7Snjb19UJxD1K8PBAZgoptlXHIfzs0lDQ1EeGcqCFmLGpJ0PiwXAd0u-2BemPWqrjBBhrALpGhfWjv7i2vyjhaAA7wSb5VbbRh16pxc2TYchmU3FA8uDQzGjzoEobFvajns-2BE9huMas6fQZg40eqsNLkseaTnb-2FMCMdVZyaMUR50U4V3dTmgS0pIW6LmGwMK68zJ5Wk7-2FCUs-3DrtR8_FpeuewKFcqQm9HWALmNHP80KwbrCqfDO-2B9rqR1lceHtH95PL-2ByuwZ7pJYwrh6qnwyVVG3dOhicszVvck34ZdI1xXGw1rO9gaTHccykYa49yrcHURQonI5fp23eVBMwLiSDEF1IZf3OEXMAXdx70RYYp4fdTDvqmqpVuvArz4w6Vfgq-2B-2BfQaYOyYs0V-2FbQKAFH1CUA3ftyDyhjx-2BMtQEyb42eQOIbr5Qea9FJ4NvVdbJmj6cZhZG6jZz6AwFyEfs8fIU6Evl5DNJ-2FPLH9bPIqISSLEJD-2BTylIt3MA6XLJ-2BF8yJT1OZr1dpyQZI3FN6nRwX0iKUKQuzO-2BPwfBi4sx61uL0lQHVjkOrY6DxlLoFjWo4zpOewh-2BaFVPribRvVpE28gP5nBJqlGJF3nvnGjkfAQ-3D-3D&amp;source=gmail&amp;ust=1633969551164000&amp;usg=AFQjCNE2MyfWB_ysgq8O8JF3TSL1LMP3Lw\">les seg\u00fcents mesures<\/a>.<\/p>\n<p>Us recordem que aquesta informaci\u00f3 est\u00e0 lligada a l\u2019evoluci\u00f3 de la pand\u00e8mia i, per tant, subjecta a canvis i que l\u2019incompliment de les restriccions de mobilitat establertes es considera una infracci\u00f3 i pot ser sancionat.<\/p>\n<p>Podeu enviar les vostres consultes a\u00a0<a href=\"mailto:de@gencat.cat\" target=\"_blank\" rel=\"noopener\">de@gencat.cat<\/a><\/p>\n<p>&nbsp;<\/p>\n<p><em>*Aquesta informaci\u00f3 ha estat compartida per\u00a0la <strong>Delegaci\u00f3 del Govern a Alemanya<\/strong><\/em><\/p>","protected":false},"excerpt":{"rendered":"<p>Des del 22 d&#8217;agost\u00a0Catalunya ja no \u00e9s considerada zona d&#8217;alta incid\u00e8ncia\u00a0per les autoritats sanit\u00e0ries alemanyes. Per aquest motiu ja no es requereix l&#8217;emplenament de l&#8217;Einreseanmeldung. No obstant aix\u00f2, continua sent obligatori, a partir dels 12 anys, presentar un dels certificats&#8230;<\/p>","protected":false},"author":5,"featured_media":3536,"comment_status":"closed","ping_status":"open","sticky":false,"template":"","format":"standard","meta":[],"categories":[86],"tags":[],"_links":{"self":[{"href":"https:\/\/www.katalanischer-salon.de\/de\/wp-json\/wp\/v2\/posts\/3534"}],"collection":[{"href":"https:\/\/www.katalanischer-salon.de\/de\/wp-json\/wp\/v2\/posts"}],"about":[{"href":"https:\/\/www.katalanischer-salon.de\/de\/wp-json\/wp\/v2\/types\/post"}],"author":[{"embeddable":true,"href":"https:\/\/www.katalanischer-salon.de\/de\/wp-json\/wp\/v2\/users\/5"}],"replies":[{"embeddable":true,"href":"https:\/\/www.katalanischer-salon.de\/de\/wp-json\/wp\/v2\/comments?post=3534"}],"version-history":[{"count":1,"href":"https:\/\/www.katalanischer-salon.de\/de\/wp-json\/wp\/v2\/posts\/3534\/revisions"}],"predecessor-version":[{"id":3535,"href":"https:\/\/www.katalanischer-salon.de\/de\/wp-json\/wp\/v2\/posts\/3534\/revisions\/3535"}],"wp:featuredmedia":[{"embeddable":true,"href":"https:\/\/www.katalanischer-salon.de\/de\/wp-json\/wp\/v2\/media\/3536"}],"wp:attachment":[{"href":"https:\/\/www.katalanischer-salon.de\/de\/wp-json\/wp\/v2\/media?parent=3534"}],"wp:term":[{"taxonomy":"category","embeddable":true,"href":"https:\/\/www.katalanischer-salon.de\/de\/wp-json\/wp\/v2\/categories?post=3534"},{"taxonomy":"post_tag","embeddable":true,"href":"https:\/\/www.katalanischer-salon.de\/de\/wp-json\/wp\/v2\/tags?post=3534"}],"curies":[{"name":"wp","href":"https:\/\/api.w.org\/{rel}","templated":true}]}}