{"id":3631,"date":"2022-06-29T19:48:57","date_gmt":"2022-06-29T17:48:57","guid":{"rendered":"https:\/\/www.katalanischer-salon.de\/?p=3631"},"modified":"2022-07-24T17:18:34","modified_gmt":"2022-07-24T15:18:34","slug":"trobada-del-raco-catala","status":"publish","type":"post","link":"https:\/\/www.katalanischer-salon.de\/de\/berlin\/trobada-del-raco-catala\/","title":{"rendered":"trobada del Rac\u00f3 Catal\u00e0 &#8211; juny"},"content":{"rendered":"<p>Trobada del Rac\u00f3 Catal\u00e0, espai on els estudiants de catal\u00e0 de la Freie Universit\u00e4t i la Humboldt Universit\u00e4t es troben per practicar la llengua catalana.<\/p>\n\n\n\n<p>Aquest cop ens trobarem el dijous 30 de juny a les 18.00h a Gleisdreieck, un punt de f\u00e0cil acc\u00e9s des de moltes zones de Berl\u00edn. La farem a la part de Kreuzberger Wiese (<a rel=\"noreferrer noopener\" href=\"https:\/\/goo.gl\/maps\/KyhEYN4yCKPNh9LXA\" target=\"_blank\">aqu\u00ed<\/a>&nbsp;teniu la ubicaci\u00f3 exacta).<\/p>\n\n\n\n<p>En aquesta edici\u00f3, descobrirem alguns dels jocs de cartes m\u00e9s populars dels Pa\u00efsos Catalans!<\/p>","protected":false},"excerpt":{"rendered":"<p>Trobada del Rac\u00f3 Catal\u00e0, espai on els estudiants de catal\u00e0 de la Freie Universit\u00e4t i la Humboldt Universit\u00e4t es troben per practicar la llengua catalana. Aquest cop ens trobarem el dijous 30 de juny a les 18.00h a Gleisdreieck, un&#8230;<\/p>","protected":false},"author":5,"featured_media":3632,"comment_status":"closed","ping_status":"open","sticky":false,"template":"","format":"standard","meta":[],"categories":[8,1],"tags":[113,111,112,110],"_links":{"self":[{"href":"https:\/\/www.katalanischer-salon.de\/de\/wp-json\/wp\/v2\/posts\/3631"}],"collection":[{"href":"https:\/\/www.katalanischer-salon.de\/de\/wp-json\/wp\/v2\/posts"}],"about":[{"href":"https:\/\/www.katalanischer-salon.de\/de\/wp-json\/wp\/v2\/types\/post"}],"author":[{"embeddable":true,"href":"https:\/\/www.katalanischer-salon.de\/de\/wp-json\/wp\/v2\/users\/5"}],"replies":[{"embeddable":true,"href":"https:\/\/www.katalanischer-salon.de\/de\/wp-json\/wp\/v2\/comments?post=3631"}],"version-history":[{"count":2,"href":"https:\/\/www.katalanischer-salon.de\/de\/wp-json\/wp\/v2\/posts\/3631\/revisions"}],"predecessor-version":[{"id":3638,"href":"https:\/\/www.katalanischer-salon.de\/de\/wp-json\/wp\/v2\/posts\/3631\/revisions\/3638"}],"wp:featuredmedia":[{"embeddable":true,"href":"https:\/\/www.katalanischer-salon.de\/de\/wp-json\/wp\/v2\/media\/3632"}],"wp:attachment":[{"href":"https:\/\/www.katalanischer-salon.de\/de\/wp-json\/wp\/v2\/media?parent=3631"}],"wp:term":[{"taxonomy":"category","embeddable":true,"href":"https:\/\/www.katalanischer-salon.de\/de\/wp-json\/wp\/v2\/categories?post=3631"},{"taxonomy":"post_tag","embeddable":true,"href":"https:\/\/www.katalanischer-salon.de\/de\/wp-json\/wp\/v2\/tags?post=3631"}],"curies":[{"name":"wp","href":"https:\/\/api.w.org\/{rel}","templated":true}]}}