{"id":3649,"date":"2022-09-15T19:06:56","date_gmt":"2022-09-15T17:06:56","guid":{"rendered":"https:\/\/www.katalanischer-salon.de\/?p=3649"},"modified":"2022-09-15T19:06:59","modified_gmt":"2022-09-15T17:06:59","slug":"alfredo-laporta-exposicio-ausstellung-vernissage-22-09-22","status":"publish","type":"post","link":"https:\/\/www.katalanischer-salon.de\/de\/berlin\/alfredo-laporta-exposicio-ausstellung-vernissage-22-09-22\/","title":{"rendered":"Alfredo Laporta &#8211; Exposici\u00f3\/Ausstellung (Vernissage 22.09.22)"},"content":{"rendered":"<p>Nova exposici\u00f3 de pintura de l&#8217;artista catal\u00e0 establert a Berl\u00edn <strong>Alfredo Laporta<\/strong> a  <strong>Frequenzwerk Records<\/strong> a la <a href=\"https:\/\/www.google.de\/maps\/place\/Frequenzwerk+Records\/@52.5223642,13.404477,16z\/data=!4m5!3m4!1s0x47a84d73ee6843df:0xd8b42f64db0d4309!8m2!3d52.5228247!4d13.408156\" data-type=\"URL\" data-id=\"https:\/\/www.google.de\/maps\/place\/Frequenzwerk+Records\/@52.5223642,13.404477,16z\/data=!4m5!3m4!1s0x47a84d73ee6843df:0xd8b42f64db0d4309!8m2!3d52.5228247!4d13.408156\" target=\"_blank\" rel=\"noreferrer noopener\">Rochstra\u00dfe 14d, 10178 Berlin<\/a>, a tocar d&#8217;Alexanderplatz. <\/p>\n\n\n\n<p><strong>El Vernissage tindr\u00e0 lloc el dijous 22 a les 19.00h<\/strong>.<\/p>","protected":false},"excerpt":{"rendered":"<p>Nova exposici\u00f3 de pintura de l&#8217;artista catal\u00e0 establert a Berl\u00edn Alfredo Laporta a Frequenzwerk Records a la Rochstra\u00dfe 14d, 10178 Berlin, a tocar d&#8217;Alexanderplatz. El Vernissage tindr\u00e0 lloc el dijous 22 a les 19.00h.<\/p>","protected":false},"author":5,"featured_media":3651,"comment_status":"closed","ping_status":"open","sticky":false,"template":"","format":"standard","meta":[],"categories":[8,96,1,95],"tags":[99,98,100],"_links":{"self":[{"href":"https:\/\/www.katalanischer-salon.de\/de\/wp-json\/wp\/v2\/posts\/3649"}],"collection":[{"href":"https:\/\/www.katalanischer-salon.de\/de\/wp-json\/wp\/v2\/posts"}],"about":[{"href":"https:\/\/www.katalanischer-salon.de\/de\/wp-json\/wp\/v2\/types\/post"}],"author":[{"embeddable":true,"href":"https:\/\/www.katalanischer-salon.de\/de\/wp-json\/wp\/v2\/users\/5"}],"replies":[{"embeddable":true,"href":"https:\/\/www.katalanischer-salon.de\/de\/wp-json\/wp\/v2\/comments?post=3649"}],"version-history":[{"count":1,"href":"https:\/\/www.katalanischer-salon.de\/de\/wp-json\/wp\/v2\/posts\/3649\/revisions"}],"predecessor-version":[{"id":3652,"href":"https:\/\/www.katalanischer-salon.de\/de\/wp-json\/wp\/v2\/posts\/3649\/revisions\/3652"}],"wp:featuredmedia":[{"embeddable":true,"href":"https:\/\/www.katalanischer-salon.de\/de\/wp-json\/wp\/v2\/media\/3651"}],"wp:attachment":[{"href":"https:\/\/www.katalanischer-salon.de\/de\/wp-json\/wp\/v2\/media?parent=3649"}],"wp:term":[{"taxonomy":"category","embeddable":true,"href":"https:\/\/www.katalanischer-salon.de\/de\/wp-json\/wp\/v2\/categories?post=3649"},{"taxonomy":"post_tag","embeddable":true,"href":"https:\/\/www.katalanischer-salon.de\/de\/wp-json\/wp\/v2\/tags?post=3649"}],"curies":[{"name":"wp","href":"https:\/\/api.w.org\/{rel}","templated":true}]}}