{"id":3674,"date":"2022-11-04T14:39:38","date_gmt":"2022-11-04T12:39:38","guid":{"rendered":"https:\/\/www.katalanischer-salon.de\/?p=3674"},"modified":"2022-11-04T14:39:40","modified_gmt":"2022-11-04T12:39:40","slug":"trobada-del-raco-catala-novembre","status":"publish","type":"post","link":"https:\/\/www.katalanischer-salon.de\/de\/berlin\/trobada-del-raco-catala-novembre\/","title":{"rendered":"trobada del Rac\u00f3 Catal\u00e0 &#8211; novembre"},"content":{"rendered":"<p>Trobada del Rac\u00f3 Catal\u00e0, espai on els estudiants de catal\u00e0 de la Freie Universit\u00e4t i la Humboldt Universit\u00e4t es troben per practicar la llengua catalana. <\/p>\n\n\n\n<p>La primera trobada d&#8217;aquest curs ser\u00e0 el proper dimarts 15 de novembre al Caf\u00e9 Karanfil (Weisestra\u00dfe 3,\u00a0Schillerkiez Berlin-Neuk\u00f6lln)\u00a0a partir de les 18.30h. (<a href=\"https:\/\/www.google.com\/maps\/place\/Weisestra%C3%9Fe+3,+12049+Berlin\/@52.4780746,13.4060632,13.75z\/data=!4m5!3m4!1s0x47a84fbec21fab9f:0x283fde4135400a26!8m2!3d52.4800306!4d13.4227256\" target=\"_blank\" rel=\"noreferrer noopener\">aqu\u00ed<\/a>\u00a0teniu la ubicaci\u00f3 exacta).<\/p>","protected":false},"excerpt":{"rendered":"<p>Trobada del Rac\u00f3 Catal\u00e0, espai on els estudiants de catal\u00e0 de la Freie Universit\u00e4t i la Humboldt Universit\u00e4t es troben per practicar la llengua catalana. La primera trobada d&#8217;aquest curs ser\u00e0 el proper dimarts 15 de novembre al Caf\u00e9 Karanfil&#8230;<\/p>","protected":false},"author":5,"featured_media":3676,"comment_status":"closed","ping_status":"open","sticky":false,"template":"","format":"standard","meta":[],"categories":[8,1,135,136,137],"tags":[111,134,110],"_links":{"self":[{"href":"https:\/\/www.katalanischer-salon.de\/de\/wp-json\/wp\/v2\/posts\/3674"}],"collection":[{"href":"https:\/\/www.katalanischer-salon.de\/de\/wp-json\/wp\/v2\/posts"}],"about":[{"href":"https:\/\/www.katalanischer-salon.de\/de\/wp-json\/wp\/v2\/types\/post"}],"author":[{"embeddable":true,"href":"https:\/\/www.katalanischer-salon.de\/de\/wp-json\/wp\/v2\/users\/5"}],"replies":[{"embeddable":true,"href":"https:\/\/www.katalanischer-salon.de\/de\/wp-json\/wp\/v2\/comments?post=3674"}],"version-history":[{"count":1,"href":"https:\/\/www.katalanischer-salon.de\/de\/wp-json\/wp\/v2\/posts\/3674\/revisions"}],"predecessor-version":[{"id":3677,"href":"https:\/\/www.katalanischer-salon.de\/de\/wp-json\/wp\/v2\/posts\/3674\/revisions\/3677"}],"wp:featuredmedia":[{"embeddable":true,"href":"https:\/\/www.katalanischer-salon.de\/de\/wp-json\/wp\/v2\/media\/3676"}],"wp:attachment":[{"href":"https:\/\/www.katalanischer-salon.de\/de\/wp-json\/wp\/v2\/media?parent=3674"}],"wp:term":[{"taxonomy":"category","embeddable":true,"href":"https:\/\/www.katalanischer-salon.de\/de\/wp-json\/wp\/v2\/categories?post=3674"},{"taxonomy":"post_tag","embeddable":true,"href":"https:\/\/www.katalanischer-salon.de\/de\/wp-json\/wp\/v2\/tags?post=3674"}],"curies":[{"name":"wp","href":"https:\/\/api.w.org\/{rel}","templated":true}]}}