{"id":3732,"date":"2023-06-18T15:29:25","date_gmt":"2023-06-18T13:29:25","guid":{"rendered":"https:\/\/www.katalanischer-salon.de\/?p=3732"},"modified":"2023-06-18T15:29:27","modified_gmt":"2023-06-18T13:29:27","slug":"eleccions-generals-del-23-de-juliol-des-de-lestranger-2","status":"publish","type":"post","link":"https:\/\/www.katalanischer-salon.de\/de\/catalunya\/eleccions-generals-del-23-de-juliol-des-de-lestranger-2\/","title":{"rendered":"Eleccions generals del 23 de juliol des de l\u2019estranger!"},"content":{"rendered":"<p>Com b\u00e9 sabeu el Gobierno espanyol ha convocat\u00a0<strong>Eleccions\u00a0al Congr\u00e9s de Diputats i al Senat\u00a0\u00a0<\/strong>pel proper dia 23 de juliol de 2023.<\/p>\n\n\n\n<p>La <strong>Generalitat <\/strong>ha creat una p\u00e0gina web amb informaci\u00f3 sobre com participar en les eleccions generals del 23 de juliol des de l\u2019estranger. Trobareu tota la informaci\u00f3\u00a0<strong><a rel=\"noreferrer noopener\" href=\"https:\/\/eleccions.gencat.cat\/ca\/generals-23j\/\" target=\"_blank\">en aquest enlla\u00e7<\/a><\/strong><\/p>\n\n\n\n<p>Des de la&nbsp;<strong>FIEC&nbsp;(Federaci\u00f3 Internacional d&#8217;Entitats Catalanes)<\/strong> ens han fet arribar una&nbsp;<strong>Guia de Votaci\u00f3&nbsp;<\/strong>sobre les modalitats i terminis per a poder exercir el vostre dret del vot en aquestes eleccions i que esperem pugui contestar a totes les vostres preguntes sobre el nou sistema de votaci\u00f3. Trobareu una versi\u00f3 web d&#8217;aquesta guia a:&nbsp;&nbsp;<strong><a rel=\"noreferrer noopener\" href=\"https:\/\/drive.google.com\/file\/d\/1xTscv7QcUnCTvbKxNRvHjScS7FkCcizx\/view\" target=\"_blank\">https:\/\/drive.google.com\/file\/d\/1xTscv7QcUnCTvbKxNRvHjScS7FkCcizx\/view<\/a><\/strong><\/p>\n\n\n\n<ul><li>Tots els donats d&#8217;alta al CERA (Censo de Espa\u00f1oles Residentes Ausentes) podreu votar en urna als consolats o altres llocs qui s&#8217;habilitin <strong>entre el 15 i el 20 de juliol.<\/strong><\/li><li>El cens electoral vigent per aquestes eleccions \u00e9s el tancat a 1er de mar\u00e7 de 2023.<\/li><li>S\u00f3n les<strong>\u00a0primeres eleccions generals que se celebren despr\u00e9s de la supresi\u00f3 del &#8216;voto rogado&#8217; i per tant els electors rebreu la documentaci\u00f3 d&#8217;ofici.<\/strong>\u00a0Aquelles persones que no rebin ni la documentaci\u00f3 ni les paperetes podran descarregar-les de manera telem\u00e0tica (veieu com a la Guia).<\/li><li>La\u00a0<strong>primera tramesa de documentaci\u00f3<\/strong>\u00a0est\u00e0 prevista entre el 17 i el 23 de juny. La<strong>\u00a0segona amb la tramesa de les paperetes<\/strong>\u00a0entre el 28 de juny i el 2 de juliol (en cas de que no hi hagi impugnaci\u00f3 de candidatures) i entre el 3 i el 8 de juliol (en les circumscripcions on hi hagi impugnacions).<\/li><li>Els votants que habitualment resideixen a l&#8217;exterior per\u00f2 que tenen previst ser a Espanya durant la convocat\u00f2ria electoral hauran de\u00a0<strong>votar per correu i solicitar-ho abans del 13 de juliol.<\/strong>\u00a0Reberan la documentaci\u00f3 entre el 3 i 16 de juliol i enviar el vot entre el 3 i 19 de juliol (veieu com a la Guia).<\/li><\/ul>\n\n\n\n<p><\/p>\n\n\n\n<figure class=\"wp-block-image size-large\"><img loading=\"lazy\" width=\"724\" height=\"1024\" src=\"https:\/\/www.katalanischer-salon.de\/wp-content\/uploads\/2023\/06\/Guia-eleccions-juliol-2023-1-724x1024.jpg\" alt=\"\" class=\"wp-image-3733\" srcset=\"https:\/\/www.katalanischer-salon.de\/wp-content\/uploads\/2023\/06\/Guia-eleccions-juliol-2023-1-724x1024.jpg 724w, https:\/\/www.katalanischer-salon.de\/wp-content\/uploads\/2023\/06\/Guia-eleccions-juliol-2023-1-212x300.jpg 212w, https:\/\/www.katalanischer-salon.de\/wp-content\/uploads\/2023\/06\/Guia-eleccions-juliol-2023-1-768x1086.jpg 768w, https:\/\/www.katalanischer-salon.de\/wp-content\/uploads\/2023\/06\/Guia-eleccions-juliol-2023-1-8x12.jpg 8w, https:\/\/www.katalanischer-salon.de\/wp-content\/uploads\/2023\/06\/Guia-eleccions-juliol-2023-1-105x148.jpg 105w, https:\/\/www.katalanischer-salon.de\/wp-content\/uploads\/2023\/06\/Guia-eleccions-juliol-2023-1-22x31.jpg 22w, https:\/\/www.katalanischer-salon.de\/wp-content\/uploads\/2023\/06\/Guia-eleccions-juliol-2023-1-27x38.jpg 27w, https:\/\/www.katalanischer-salon.de\/wp-content\/uploads\/2023\/06\/Guia-eleccions-juliol-2023-1-152x215.jpg 152w, https:\/\/www.katalanischer-salon.de\/wp-content\/uploads\/2023\/06\/Guia-eleccions-juliol-2023-1.jpg 905w\" sizes=\"(max-width: 724px) 100vw, 724px\" \/><\/figure>","protected":false},"excerpt":{"rendered":"<p>Com b\u00e9 sabeu el Gobierno espanyol ha convocat\u00a0Eleccions\u00a0al Congr\u00e9s de Diputats i al Senat\u00a0\u00a0pel proper dia 23 de juliol de 2023. La Generalitat ha creat una p\u00e0gina web amb informaci\u00f3 sobre com participar en les eleccions generals del 23 de&#8230;<\/p>","protected":false},"author":5,"featured_media":3733,"comment_status":"closed","ping_status":"open","sticky":false,"template":"","format":"standard","meta":[],"categories":[86,5,203,7,161,206,204],"tags":[85,55,205,39,180,202],"_links":{"self":[{"href":"https:\/\/www.katalanischer-salon.de\/de\/wp-json\/wp\/v2\/posts\/3732"}],"collection":[{"href":"https:\/\/www.katalanischer-salon.de\/de\/wp-json\/wp\/v2\/posts"}],"about":[{"href":"https:\/\/www.katalanischer-salon.de\/de\/wp-json\/wp\/v2\/types\/post"}],"author":[{"embeddable":true,"href":"https:\/\/www.katalanischer-salon.de\/de\/wp-json\/wp\/v2\/users\/5"}],"replies":[{"embeddable":true,"href":"https:\/\/www.katalanischer-salon.de\/de\/wp-json\/wp\/v2\/comments?post=3732"}],"version-history":[{"count":3,"href":"https:\/\/www.katalanischer-salon.de\/de\/wp-json\/wp\/v2\/posts\/3732\/revisions"}],"predecessor-version":[{"id":3736,"href":"https:\/\/www.katalanischer-salon.de\/de\/wp-json\/wp\/v2\/posts\/3732\/revisions\/3736"}],"wp:featuredmedia":[{"embeddable":true,"href":"https:\/\/www.katalanischer-salon.de\/de\/wp-json\/wp\/v2\/media\/3733"}],"wp:attachment":[{"href":"https:\/\/www.katalanischer-salon.de\/de\/wp-json\/wp\/v2\/media?parent=3732"}],"wp:term":[{"taxonomy":"category","embeddable":true,"href":"https:\/\/www.katalanischer-salon.de\/de\/wp-json\/wp\/v2\/categories?post=3732"},{"taxonomy":"post_tag","embeddable":true,"href":"https:\/\/www.katalanischer-salon.de\/de\/wp-json\/wp\/v2\/tags?post=3732"}],"curies":[{"name":"wp","href":"https:\/\/api.w.org\/{rel}","templated":true}]}}