{"id":3783,"date":"2024-02-17T18:59:59","date_gmt":"2024-02-17T16:59:59","guid":{"rendered":"https:\/\/www.katalanischer-salon.de\/?p=3783"},"modified":"2024-02-18T18:29:52","modified_gmt":"2024-02-18T16:29:52","slug":"projeccio-de-suro-cicle-gaudi-de-cinema-catala","status":"publish","type":"post","link":"https:\/\/www.katalanischer-salon.de\/de\/berlin\/projeccio-de-suro-cicle-gaudi-de-cinema-catala\/","title":{"rendered":"Projecci\u00f3 de Suro &#8211; Cicle Gaud\u00ed de cinema catal\u00e0"},"content":{"rendered":"<p>\u00c9s un plaer poder-vos anunciar el <strong>Cicle Gaud\u00ed de cinema catal\u00e0 a Berl\u00edn<\/strong>! <\/p>\n\n\n\n<p>Tal com ens ha fet arribar la nostra amiga <strong>Montse Majench<\/strong> de l&#8217;<a rel=\"noreferrer noopener\" href=\"https:\/\/www.academiadelcinema.cat\/ca\/\" target=\"_blank\">Acad\u00e8mia del Cinema Catal\u00e0<\/a>, al Cicle Gaud\u00ed a Berl\u00edn hi podrem veure pel.l\u00edcules catalanes recents, distingides amb els Premis Gaud\u00ed o altres premis nacionals o internacionals, seleccionades per un comit\u00e8 d&#8217;experts basant-se en la qualitat, diversitat i actualitat. Les pel.l\u00edcules es projecten en V.O. subtitulades a l\u2019alemany o l\u2019angl\u00e8s. <\/p>\n\n\n\n<p>El cicle Gaud\u00ed s\u2019allargar\u00e0 fins al mes de desembre, un dissabte al mes, exceptuant el mes d\u2019agost. La programaci\u00f3 confirmada per ara \u00e9s la seg\u00fcent:<\/p>\n\n\n\n<p>24.02.24_16 h_ <strong>Suro<\/strong>, de Mikel Gurrea (2022), amb Vicky Luengo, Pol L\u00f3pez, Ilyass El Ouahdani, 116 Min<\/p>\n\n\n\n<p>23.03.24_16 h_<strong>Vasil<\/strong>, d&#8217;Avelina Prat (2022), amb Ivan Barnev, Karra Elejalde, Alexandra Jim\u00e9nez, Sue Flack, Susi S\u00e1nchez, 93 Min<\/p>\n\n\n\n<p>20.04.24_ 16 h_<strong> Las buenas compa\u00f1\u00edas<\/strong>, de S\u00edlvia Munt (2023), amb Alicia Falc\u00f3, Elena Tarrats, Itziar Itu\u00f1o, 94 Min<\/p>\n\n\n\n<p>18.05.24_16 h_<strong>Els Encantats<\/strong>, d&#8217;Elena Trap\u00e9 (2022), amb Laia Costa, Daniel P\u00e9rez Prada, Ainara Elejalde, Aina Clotet, Pep Cruz, 108 Min<\/p>\n\n\n\n<p>22.06.24_16 h_<strong>20.000 especies de abejas<\/strong>, d&#8217;Est\u00edbaliz Urresola (2023), ambSof\u00eda Otero, Patricia L\u00f3pez Arnaiz, Ane Gabarain, Itziar Lazkano, Martxelo Rubio, Sara C\u00f3zar, 129 Min<\/p>\n\n\n\n<figure class=\"wp-block-image size-large\"><img loading=\"lazy\" width=\"1024\" height=\"1024\" src=\"https:\/\/www.katalanischer-salon.de\/wp-content\/uploads\/2024\/02\/Cicle-Gaudi-Suro-1-1024x1024.jpg\" alt=\"\" class=\"wp-image-3787\" srcset=\"https:\/\/www.katalanischer-salon.de\/wp-content\/uploads\/2024\/02\/Cicle-Gaudi-Suro-1-1024x1024.jpg 1024w, https:\/\/www.katalanischer-salon.de\/wp-content\/uploads\/2024\/02\/Cicle-Gaudi-Suro-1-300x300.jpg 300w, https:\/\/www.katalanischer-salon.de\/wp-content\/uploads\/2024\/02\/Cicle-Gaudi-Suro-1-150x150.jpg 150w, https:\/\/www.katalanischer-salon.de\/wp-content\/uploads\/2024\/02\/Cicle-Gaudi-Suro-1-768x768.jpg 768w, https:\/\/www.katalanischer-salon.de\/wp-content\/uploads\/2024\/02\/Cicle-Gaudi-Suro-1-12x12.jpg 12w, https:\/\/www.katalanischer-salon.de\/wp-content\/uploads\/2024\/02\/Cicle-Gaudi-Suro-1-148x148.jpg 148w, https:\/\/www.katalanischer-salon.de\/wp-content\/uploads\/2024\/02\/Cicle-Gaudi-Suro-1-31x31.jpg 31w, https:\/\/www.katalanischer-salon.de\/wp-content\/uploads\/2024\/02\/Cicle-Gaudi-Suro-1-38x38.jpg 38w, https:\/\/www.katalanischer-salon.de\/wp-content\/uploads\/2024\/02\/Cicle-Gaudi-Suro-1-215x215.jpg 215w, https:\/\/www.katalanischer-salon.de\/wp-content\/uploads\/2024\/02\/Cicle-Gaudi-Suro-1-660x660.jpg 660w, https:\/\/www.katalanischer-salon.de\/wp-content\/uploads\/2024\/02\/Cicle-Gaudi-Suro-1.jpg 1080w\" sizes=\"(max-width: 1024px) 100vw, 1024px\" \/><\/figure>\n\n\n\n<p>Despr\u00e9s de cada projecci\u00f3 a la sala 2 del cinema Babylon, a la Rosa Luxemburg Platz de Mitte, hi haur\u00e0 una <strong>xerrada<\/strong> sobre la pel.l\u00edcula acompanyada d\u2019un <strong>aperitiu catal\u00e0<\/strong>.<\/p>\n\n\n\n<p>El Cicle Gaud\u00ed a Berl\u00edn est\u00e0 organitzat per l&#8217;<strong>Institut Ramon Llull<\/strong> en col\u00b7laboraci\u00f3 amb la <strong>Delegaci\u00f3 del Govern de Catalunya a Alemanya<\/strong> i coordinat per l&#8217;<strong>Acad\u00e8mia del Cinema Catal\u00e0<\/strong>.<\/p>\n\n\n\n<p>Les entrades les podeu adquirir <a href=\"https:\/\/www.kinoheld.de\/kino\/berlin\/babylon-berlin\/vorstellung\/54328\" target=\"_blank\" rel=\"noreferrer noopener\">aqu<\/a><a href=\"https:\/\/www.kinoheld.de\/kino\/berlin\/babylon-berlin\/vorstellung\/54328\">\u00ed<\/a>.<\/p>\n\n\n\n<p><\/p>","protected":false},"excerpt":{"rendered":"<p>\u00c9s un plaer poder-vos anunciar el Cicle Gaud\u00ed de cinema catal\u00e0 a Berl\u00edn! Tal com ens ha fet arribar la nostra amiga Montse Majench de l&#8217;Acad\u00e8mia del Cinema Catal\u00e0, al Cicle Gaud\u00ed a Berl\u00edn hi podrem veure pel.l\u00edcules catalanes recents,&#8230;<\/p>","protected":false},"author":5,"featured_media":3785,"comment_status":"closed","ping_status":"open","sticky":false,"template":"","format":"standard","meta":[],"categories":[245,8,86,96,1,241,244,167,132,179,7],"tags":[247,84,170,111,246,168,130,176,39,180],"_links":{"self":[{"href":"https:\/\/www.katalanischer-salon.de\/de\/wp-json\/wp\/v2\/posts\/3783"}],"collection":[{"href":"https:\/\/www.katalanischer-salon.de\/de\/wp-json\/wp\/v2\/posts"}],"about":[{"href":"https:\/\/www.katalanischer-salon.de\/de\/wp-json\/wp\/v2\/types\/post"}],"author":[{"embeddable":true,"href":"https:\/\/www.katalanischer-salon.de\/de\/wp-json\/wp\/v2\/users\/5"}],"replies":[{"embeddable":true,"href":"https:\/\/www.katalanischer-salon.de\/de\/wp-json\/wp\/v2\/comments?post=3783"}],"version-history":[{"count":4,"href":"https:\/\/www.katalanischer-salon.de\/de\/wp-json\/wp\/v2\/posts\/3783\/revisions"}],"predecessor-version":[{"id":3793,"href":"https:\/\/www.katalanischer-salon.de\/de\/wp-json\/wp\/v2\/posts\/3783\/revisions\/3793"}],"wp:featuredmedia":[{"embeddable":true,"href":"https:\/\/www.katalanischer-salon.de\/de\/wp-json\/wp\/v2\/media\/3785"}],"wp:attachment":[{"href":"https:\/\/www.katalanischer-salon.de\/de\/wp-json\/wp\/v2\/media?parent=3783"}],"wp:term":[{"taxonomy":"category","embeddable":true,"href":"https:\/\/www.katalanischer-salon.de\/de\/wp-json\/wp\/v2\/categories?post=3783"},{"taxonomy":"post_tag","embeddable":true,"href":"https:\/\/www.katalanischer-salon.de\/de\/wp-json\/wp\/v2\/tags?post=3783"}],"curies":[{"name":"wp","href":"https:\/\/api.w.org\/{rel}","templated":true}]}}