{"id":3863,"date":"2024-04-21T18:57:03","date_gmt":"2024-04-21T16:57:03","guid":{"rendered":"https:\/\/www.katalanischer-salon.de\/?p=3863"},"modified":"2024-04-27T12:35:04","modified_gmt":"2024-04-27T10:35:04","slug":"soliparty-de-solidaridad-antirepresiva","status":"publish","type":"post","link":"https:\/\/www.katalanischer-salon.de\/de\/berlin\/soliparty-de-solidaridad-antirepresiva\/","title":{"rendered":"Soliparty de Solidaridad Antirepresiva"},"content":{"rendered":"<p>Degut a un problema t\u00e8cnic a la sala, ha calgut canviar el lloc de l\u2019acte d\u2019avui. Es far\u00e0 a la <strong>Schule f\u00fcr Erwachsenenbildung e.V. <\/strong>(Gneisenaustra\u00dfe 2A, Kreuzberg, 10961 Berlin &#8211; \u00e9s un hinterhof al costat del Clash ). <strong>Obertura de portes a les 17:30<\/strong> i <strong>comen\u00e7arem a les 18.00 h<\/strong> amb la projecci\u00f3 del documental i continuarem amb el debat amb la directora <strong>Cl\u00e0udia Arribas<\/strong> i <strong>Josep Miquel Arenas (Valt\u00f2nyc<\/strong>). <\/p>\n\n\n\n<p>El proper <strong>dissabte 27 d&#8217;abril<\/strong> el col\u00b7lectiu antifeixista establert a Berl\u00edn <strong>Solidaridad Antirepresiva<\/strong> organitza una Soliparty que comen\u00e7ar\u00e0 <strong>a les 18 h<\/strong> amb la projecci\u00f3 del <strong>documental &#8220;No callarem&#8221;<\/strong>, que explica la hist\u00f2ria de tres rapers que han estat condemnats a pres\u00f3 a l&#8217;Estat espanyol: <strong>Valt\u00f2nyc, Hasel i Elgio<\/strong>.<\/p>\n\n\n\n<p>No es faran els concerts i l&#8217;aforament ser\u00e0 limitat. Disculpeu les mol\u00e8sties.<\/p>\n\n\n\n<div class=\"wp-block-image\"><figure class=\"aligncenter size-large\"><img loading=\"lazy\" width=\"724\" height=\"1024\" src=\"https:\/\/www.katalanischer-salon.de\/wp-content\/uploads\/2024\/04\/soliparty-724x1024.jpg\" alt=\"\" class=\"wp-image-3874\" srcset=\"https:\/\/www.katalanischer-salon.de\/wp-content\/uploads\/2024\/04\/soliparty-724x1024.jpg 724w, https:\/\/www.katalanischer-salon.de\/wp-content\/uploads\/2024\/04\/soliparty-212x300.jpg 212w, https:\/\/www.katalanischer-salon.de\/wp-content\/uploads\/2024\/04\/soliparty-768x1086.jpg 768w, https:\/\/www.katalanischer-salon.de\/wp-content\/uploads\/2024\/04\/soliparty-1086x1536.jpg 1086w, https:\/\/www.katalanischer-salon.de\/wp-content\/uploads\/2024\/04\/soliparty-8x12.jpg 8w, https:\/\/www.katalanischer-salon.de\/wp-content\/uploads\/2024\/04\/soliparty-105x148.jpg 105w, https:\/\/www.katalanischer-salon.de\/wp-content\/uploads\/2024\/04\/soliparty-22x31.jpg 22w, https:\/\/www.katalanischer-salon.de\/wp-content\/uploads\/2024\/04\/soliparty-27x38.jpg 27w, https:\/\/www.katalanischer-salon.de\/wp-content\/uploads\/2024\/04\/soliparty-152x215.jpg 152w, https:\/\/www.katalanischer-salon.de\/wp-content\/uploads\/2024\/04\/soliparty.jpg 1131w\" sizes=\"(max-width: 724px) 100vw, 724px\" \/><\/figure><\/div>","protected":false},"excerpt":{"rendered":"<p>Degut a un problema t\u00e8cnic a la sala, ha calgut canviar el lloc de l\u2019acte d\u2019avui. Es far\u00e0 a la Schule f\u00fcr Erwachsenenbildung e.V. (Gneisenaustra\u00dfe 2A, Kreuzberg, 10961 Berlin &#8211; \u00e9s un hinterhof al costat del Clash ). Obertura de&#8230;<\/p>","protected":false},"author":5,"featured_media":3874,"comment_status":"closed","ping_status":"open","sticky":false,"template":"","format":"standard","meta":[],"categories":[8,278,1,5,279,284,283,288,277,276,280],"tags":[286,170,111,285,282,289,287,281],"_links":{"self":[{"href":"https:\/\/www.katalanischer-salon.de\/de\/wp-json\/wp\/v2\/posts\/3863"}],"collection":[{"href":"https:\/\/www.katalanischer-salon.de\/de\/wp-json\/wp\/v2\/posts"}],"about":[{"href":"https:\/\/www.katalanischer-salon.de\/de\/wp-json\/wp\/v2\/types\/post"}],"author":[{"embeddable":true,"href":"https:\/\/www.katalanischer-salon.de\/de\/wp-json\/wp\/v2\/users\/5"}],"replies":[{"embeddable":true,"href":"https:\/\/www.katalanischer-salon.de\/de\/wp-json\/wp\/v2\/comments?post=3863"}],"version-history":[{"count":5,"href":"https:\/\/www.katalanischer-salon.de\/de\/wp-json\/wp\/v2\/posts\/3863\/revisions"}],"predecessor-version":[{"id":3876,"href":"https:\/\/www.katalanischer-salon.de\/de\/wp-json\/wp\/v2\/posts\/3863\/revisions\/3876"}],"wp:featuredmedia":[{"embeddable":true,"href":"https:\/\/www.katalanischer-salon.de\/de\/wp-json\/wp\/v2\/media\/3874"}],"wp:attachment":[{"href":"https:\/\/www.katalanischer-salon.de\/de\/wp-json\/wp\/v2\/media?parent=3863"}],"wp:term":[{"taxonomy":"category","embeddable":true,"href":"https:\/\/www.katalanischer-salon.de\/de\/wp-json\/wp\/v2\/categories?post=3863"},{"taxonomy":"post_tag","embeddable":true,"href":"https:\/\/www.katalanischer-salon.de\/de\/wp-json\/wp\/v2\/tags?post=3863"}],"curies":[{"name":"wp","href":"https:\/\/api.w.org\/{rel}","templated":true}]}}