{"id":3941,"date":"2024-09-07T11:43:41","date_gmt":"2024-09-07T09:43:41","guid":{"rendered":"https:\/\/www.katalanischer-salon.de\/?p=3941"},"modified":"2024-09-07T11:43:43","modified_gmt":"2024-09-07T09:43:43","slug":"diada-2024-a-berlin","status":"publish","type":"post","link":"https:\/\/www.katalanischer-salon.de\/de\/berlin\/diada-2024-a-berlin\/","title":{"rendered":"Diada 2024 a Berl\u00edn"},"content":{"rendered":"<p>El <strong>diumenge 15 de setembre<\/strong> el\u00a0<strong>Katalanischer Salon e.V. <\/strong>hem organitzat una trobada per celebrar la\u00a0<strong>Diada Nacional de Catalunya<\/strong>\u00a0amb tota la comunitat catalana de Berl\u00edn. <\/p>\n\n\n\n<p>Tamb\u00e9 hi s\u00f3n convidats els\u00a0<strong>Castellers de Berl\u00edn<\/strong>. <\/p>\n\n\n\n<p>Farem un arr\u00f2s veg\u00e0 a preus populars. No hi ha venda d&#8217;entrades sin\u00f3 que es pagar\u00e0 directament a l&#8217;hora de consumir, per\u00f2 els preus seran populars i tenint en compte a les fam\u00edlies. Castellers far\u00e0 alguna exhibici\u00f3 i taller. Tamb\u00e9 hi haur\u00e0 m\u00fasica catalana a c\u00e0rrec de La Catalana R\u00e0dio.<\/p>\n\n\n\n<p><strong>12.00h \u2013 Obrim portes<\/strong><\/p>\n\n\n\n<div class=\"wp-block-image\"><figure class=\"aligncenter size-full\"><img loading=\"lazy\" width=\"532\" height=\"665\" src=\"https:\/\/www.katalanischer-salon.de\/wp-content\/uploads\/2024\/09\/diada24_1.jpg\" alt=\"\" class=\"wp-image-3942\" srcset=\"https:\/\/www.katalanischer-salon.de\/wp-content\/uploads\/2024\/09\/diada24_1.jpg 532w, https:\/\/www.katalanischer-salon.de\/wp-content\/uploads\/2024\/09\/diada24_1-240x300.jpg 240w, https:\/\/www.katalanischer-salon.de\/wp-content\/uploads\/2024\/09\/diada24_1-10x12.jpg 10w, https:\/\/www.katalanischer-salon.de\/wp-content\/uploads\/2024\/09\/diada24_1-118x148.jpg 118w, https:\/\/www.katalanischer-salon.de\/wp-content\/uploads\/2024\/09\/diada24_1-25x31.jpg 25w, https:\/\/www.katalanischer-salon.de\/wp-content\/uploads\/2024\/09\/diada24_1-30x38.jpg 30w, https:\/\/www.katalanischer-salon.de\/wp-content\/uploads\/2024\/09\/diada24_1-172x215.jpg 172w\" sizes=\"(max-width: 532px) 100vw, 532px\" \/><\/figure><\/div>\n\n\n\n<p>Ens trobem el <strong><strong>diumenge 15 de setembre<\/strong><\/strong> al <strong>Roderich<\/strong>\u00a0<strong>(Breite Str. 39b, 13187 Berlin)!<\/strong> <\/p>\n\n\n\n<p>Feu-ho c\u00f3rrer a qui considereu oport\u00fa!<\/p>","protected":false},"excerpt":{"rendered":"<p>El diumenge 15 de setembre el\u00a0Katalanischer Salon e.V. hem organitzat una trobada per celebrar la\u00a0Diada Nacional de Catalunya\u00a0amb tota la comunitat catalana de Berl\u00edn. Tamb\u00e9 hi s\u00f3n convidats els\u00a0Castellers de Berl\u00edn. Farem un arr\u00f2s veg\u00e0 a preus populars. No hi&#8230;<\/p>","protected":false},"author":5,"featured_media":3942,"comment_status":"closed","ping_status":"open","sticky":false,"template":"","format":"standard","meta":[],"categories":[8,220,1,171,5,215,7,319],"tags":[84,222,170,217,111,223,39,180,320],"_links":{"self":[{"href":"https:\/\/www.katalanischer-salon.de\/de\/wp-json\/wp\/v2\/posts\/3941"}],"collection":[{"href":"https:\/\/www.katalanischer-salon.de\/de\/wp-json\/wp\/v2\/posts"}],"about":[{"href":"https:\/\/www.katalanischer-salon.de\/de\/wp-json\/wp\/v2\/types\/post"}],"author":[{"embeddable":true,"href":"https:\/\/www.katalanischer-salon.de\/de\/wp-json\/wp\/v2\/users\/5"}],"replies":[{"embeddable":true,"href":"https:\/\/www.katalanischer-salon.de\/de\/wp-json\/wp\/v2\/comments?post=3941"}],"version-history":[{"count":1,"href":"https:\/\/www.katalanischer-salon.de\/de\/wp-json\/wp\/v2\/posts\/3941\/revisions"}],"predecessor-version":[{"id":3943,"href":"https:\/\/www.katalanischer-salon.de\/de\/wp-json\/wp\/v2\/posts\/3941\/revisions\/3943"}],"wp:featuredmedia":[{"embeddable":true,"href":"https:\/\/www.katalanischer-salon.de\/de\/wp-json\/wp\/v2\/media\/3942"}],"wp:attachment":[{"href":"https:\/\/www.katalanischer-salon.de\/de\/wp-json\/wp\/v2\/media?parent=3941"}],"wp:term":[{"taxonomy":"category","embeddable":true,"href":"https:\/\/www.katalanischer-salon.de\/de\/wp-json\/wp\/v2\/categories?post=3941"},{"taxonomy":"post_tag","embeddable":true,"href":"https:\/\/www.katalanischer-salon.de\/de\/wp-json\/wp\/v2\/tags?post=3941"}],"curies":[{"name":"wp","href":"https:\/\/api.w.org\/{rel}","templated":true}]}}