{"id":3952,"date":"2024-09-24T19:28:19","date_gmt":"2024-09-24T17:28:19","guid":{"rendered":"https:\/\/www.katalanischer-salon.de\/?p=3952"},"modified":"2024-09-24T19:28:21","modified_gmt":"2024-09-24T17:28:21","slug":"festa-estelles-a-berlin","status":"publish","type":"post","link":"https:\/\/www.katalanischer-salon.de\/de\/berlin\/festa-estelles-a-berlin\/","title":{"rendered":"Festa Estell\u00e9s a Berl\u00edn"},"content":{"rendered":"<p>En ocasi\u00f3 del centenari de la mort de Vicent Andreu Estell\u00e9s\u00a0el <strong>Club de Lectura en Catal\u00e0 de Berl\u00edn<\/strong> organitza, amb el suport d&#8217;<strong>Acci\u00f3 Cultural del Pa\u00eds Valenci\u00e0<\/strong> i del <strong>Casal Catal\u00e0 de Berl\u00edn (Katalanischer Salon e.V.), <\/strong> per primer cop la <strong>Festa Estell\u00e9s a Berl\u00edn<\/strong>, un esdeveniment de poesia que tindr\u00e0 lloc el <strong>divendres 11 d&#8217;octubre<\/strong> a partir de les 19 h al <strong>Sinapsis Berl\u00edn<\/strong> a la Gro\u00dfg\u00f6rschenstra\u00dfe 6, 10827 Berlin.<\/p>\n\n\n\n<p>La vetllada constar\u00e0 d&#8217;un sopar a peu dret amb productes de la nostra gastronomia i amb servei de begudes, una lectura de poemes comunit\u00e0ria i informal i, per postres, un concert del <strong>cantautor Andreu Valor<\/strong>\u00a0gr\u00e0cies a la participaci\u00f3 d\u2019<strong>Acci\u00f3 Cultural del Pa\u00eds Valenci\u00e0<\/strong> en l\u2019esdeveniment.<\/p>\n\n\n\n<p><\/p>\n\n\n\n<div class=\"wp-block-image\"><figure class=\"aligncenter size-large\"><img loading=\"lazy\" width=\"1024\" height=\"1024\" src=\"https:\/\/www.katalanischer-salon.de\/wp-content\/uploads\/2024\/09\/Cartell-Kopie-1024x1024.jpg\" alt=\"\" class=\"wp-image-3954\" srcset=\"https:\/\/www.katalanischer-salon.de\/wp-content\/uploads\/2024\/09\/Cartell-Kopie-1024x1024.jpg 1024w, https:\/\/www.katalanischer-salon.de\/wp-content\/uploads\/2024\/09\/Cartell-Kopie-300x300.jpg 300w, https:\/\/www.katalanischer-salon.de\/wp-content\/uploads\/2024\/09\/Cartell-Kopie-150x150.jpg 150w, https:\/\/www.katalanischer-salon.de\/wp-content\/uploads\/2024\/09\/Cartell-Kopie-768x768.jpg 768w, https:\/\/www.katalanischer-salon.de\/wp-content\/uploads\/2024\/09\/Cartell-Kopie-12x12.jpg 12w, https:\/\/www.katalanischer-salon.de\/wp-content\/uploads\/2024\/09\/Cartell-Kopie-148x148.jpg 148w, https:\/\/www.katalanischer-salon.de\/wp-content\/uploads\/2024\/09\/Cartell-Kopie-31x31.jpg 31w, https:\/\/www.katalanischer-salon.de\/wp-content\/uploads\/2024\/09\/Cartell-Kopie-38x38.jpg 38w, https:\/\/www.katalanischer-salon.de\/wp-content\/uploads\/2024\/09\/Cartell-Kopie-215x215.jpg 215w, https:\/\/www.katalanischer-salon.de\/wp-content\/uploads\/2024\/09\/Cartell-Kopie-660x660.jpg 660w, https:\/\/www.katalanischer-salon.de\/wp-content\/uploads\/2024\/09\/Cartell-Kopie.jpg 1080w\" sizes=\"(max-width: 1024px) 100vw, 1024px\" \/><\/figure><\/div>\n\n\n\n<p>L\u2019inter\u00e8s en la celebraci\u00f3 de la Festa Estell\u00e8s per part del <strong>Club de Lectura en Catal\u00e0 de Berl\u00edn<\/strong> neix arrel de la lectura del <strong>Llibre de les meravelles<\/strong> durant el mes de maig, del coneixement de la celebraci\u00f3 d\u2019aquesta festa per part de membres del grup i de la declaraci\u00f3 de la Generalitat de Catalunya de l\u2019<strong>any 2024<\/strong> com <strong>any oficial Vicent Andr\u00e9s Estell\u00e9s<\/strong>.<\/p>\n\n\n\n<p>Esperem comptar amb la vostra pres\u00e8ncia! Feu-ho c\u00f3rrer a tothom a qui considereu oport\u00fa!<\/p>","protected":false},"excerpt":{"rendered":"<p>En ocasi\u00f3 del centenari de la mort de Vicent Andreu Estell\u00e9s\u00a0el Club de Lectura en Catal\u00e0 de Berl\u00edn organitza, amb el suport d&#8217;Acci\u00f3 Cultural del Pa\u00eds Valenci\u00e0 i del Casal Catal\u00e0 de Berl\u00edn (Katalanischer Salon e.V.), per primer cop la&#8230;<\/p>","protected":false},"author":5,"featured_media":3954,"comment_status":"closed","ping_status":"open","sticky":false,"template":"","format":"standard","meta":[],"categories":[329,330,8,328,1,327,308],"tags":[170,311,312,17],"_links":{"self":[{"href":"https:\/\/www.katalanischer-salon.de\/de\/wp-json\/wp\/v2\/posts\/3952"}],"collection":[{"href":"https:\/\/www.katalanischer-salon.de\/de\/wp-json\/wp\/v2\/posts"}],"about":[{"href":"https:\/\/www.katalanischer-salon.de\/de\/wp-json\/wp\/v2\/types\/post"}],"author":[{"embeddable":true,"href":"https:\/\/www.katalanischer-salon.de\/de\/wp-json\/wp\/v2\/users\/5"}],"replies":[{"embeddable":true,"href":"https:\/\/www.katalanischer-salon.de\/de\/wp-json\/wp\/v2\/comments?post=3952"}],"version-history":[{"count":3,"href":"https:\/\/www.katalanischer-salon.de\/de\/wp-json\/wp\/v2\/posts\/3952\/revisions"}],"predecessor-version":[{"id":3957,"href":"https:\/\/www.katalanischer-salon.de\/de\/wp-json\/wp\/v2\/posts\/3952\/revisions\/3957"}],"wp:featuredmedia":[{"embeddable":true,"href":"https:\/\/www.katalanischer-salon.de\/de\/wp-json\/wp\/v2\/media\/3954"}],"wp:attachment":[{"href":"https:\/\/www.katalanischer-salon.de\/de\/wp-json\/wp\/v2\/media?parent=3952"}],"wp:term":[{"taxonomy":"category","embeddable":true,"href":"https:\/\/www.katalanischer-salon.de\/de\/wp-json\/wp\/v2\/categories?post=3952"},{"taxonomy":"post_tag","embeddable":true,"href":"https:\/\/www.katalanischer-salon.de\/de\/wp-json\/wp\/v2\/tags?post=3952"}],"curies":[{"name":"wp","href":"https:\/\/api.w.org\/{rel}","templated":true}]}}