{"id":3989,"date":"2025-01-08T20:33:46","date_gmt":"2025-01-08T18:33:46","guid":{"rendered":"https:\/\/www.katalanischer-salon.de\/?p=3989"},"modified":"2025-01-08T20:33:47","modified_gmt":"2025-01-08T18:33:47","slug":"projeccio-de-mamifera-cicle-gaudi-de-cinema-catala","status":"publish","type":"post","link":"https:\/\/www.katalanischer-salon.de\/de\/berlin\/projeccio-de-mamifera-cicle-gaudi-de-cinema-catala\/","title":{"rendered":"Projecci\u00f3 de Mam\u00edfera  &#8211; Cicle Gaud\u00ed de cinema catal\u00e0"},"content":{"rendered":"<p>Continuem amb el <strong>Cicle Gaud\u00ed de cinema catal\u00e0 a Berl\u00edn<\/strong> que ens fa arribar la nostra amiga i s\u00f2cia del KaSal <strong>Montse Majench<\/strong> de l&#8217;<a rel=\"noreferrer noopener\" href=\"https:\/\/www.academiadelcinema.cat\/ca\/\" target=\"_blank\">Acad\u00e8mia del Cinema Catal\u00e0<\/a>. <\/p>\n\n\n\n<p>18.01.25_16 h_ <strong><strong>14.12.24_16 h_<\/strong>MAM\u00cdFERA<\/strong>(Catal\u00e0, Castell\u00e0) [VOSE] SP 2024, Direcci\u00f3: Liliana Torres amb Maria Rodr\u00edguez Soto, Enric Auquer, Ruth Llopis, Anna Alarc\u00f3n, Ann Perell\u00f3, Amparo Fern\u00e1ndez, Maria Ribera, Anna Bertran, Marina Rodr\u00edguez. Mireia Aixal\u00e0. 93 Min.<\/p>\n\n\n\n<p>La Lola gaudeix d\u2019una vida feli\u00e7 amb la seva parella, en Bruno, fins que un embar\u00e0s inesperat revoluciona tots els seus plans. Tot i que la Lola sempre ha tingut clar que ser mare no \u00e9s per a ella, ara se sent desafiada per les expectatives socials i s\u2019enfronta a les seves pors m\u00e9s profundes. Durant els tres dies que han d\u2019esperar fins a la seva cita a la cl\u00ednica, la Lola s\u2019acosta a les seves amigues i a la seva fam\u00edlia amb la intenci\u00f3 de reafirmar la seva decisi\u00f3. En Bruno tampoc no s\u2019havia imaginat mai com a pare. Fins ara.<\/p>\n\n\n\n<p>Les entrades les podeu adquirir <a rel=\"noreferrer noopener\" href=\"https:\/\/babylonberlin.eu\/programm\/filmreihen\/cicle-gaud%C3%AD\" target=\"_blank\">aqu\u00ed<\/a>.<\/p>\n\n\n\n<p>Aquesta mateixa nit es lliuren els Premis Gaud\u00ed a Barcelona i <strong>MAM\u00cdFERA <\/strong>t\u00e9 quatre nominacions: <strong>Millor Pel\u00b7l\u00edcula <\/strong>(Carla Sospedra, Miriam Port\u00e9), <strong>Millor Protagonista Femenina<\/strong> (Mar\u00eda Rodr\u00edguez Soto), <strong>Millor Protagonista Mascul\u00ed <\/strong>(Enric Auquer) i <strong>Gaud\u00ed Especial del P\u00fablic a la Millor Pel\u00b7l\u00edcula<\/strong>.<\/p>\n\n\n\n<figure class=\"wp-block-image size-large\"><img loading=\"lazy\" width=\"1024\" height=\"1024\" src=\"https:\/\/www.katalanischer-salon.de\/wp-content\/uploads\/2025\/01\/IG_MAMFIERA_BERLIN_GEN25-1024x1024.jpg\" alt=\"\" class=\"wp-image-3991\" srcset=\"https:\/\/www.katalanischer-salon.de\/wp-content\/uploads\/2025\/01\/IG_MAMFIERA_BERLIN_GEN25-1024x1024.jpg 1024w, https:\/\/www.katalanischer-salon.de\/wp-content\/uploads\/2025\/01\/IG_MAMFIERA_BERLIN_GEN25-300x300.jpg 300w, https:\/\/www.katalanischer-salon.de\/wp-content\/uploads\/2025\/01\/IG_MAMFIERA_BERLIN_GEN25-150x150.jpg 150w, https:\/\/www.katalanischer-salon.de\/wp-content\/uploads\/2025\/01\/IG_MAMFIERA_BERLIN_GEN25-768x768.jpg 768w, https:\/\/www.katalanischer-salon.de\/wp-content\/uploads\/2025\/01\/IG_MAMFIERA_BERLIN_GEN25-12x12.jpg 12w, https:\/\/www.katalanischer-salon.de\/wp-content\/uploads\/2025\/01\/IG_MAMFIERA_BERLIN_GEN25-148x148.jpg 148w, https:\/\/www.katalanischer-salon.de\/wp-content\/uploads\/2025\/01\/IG_MAMFIERA_BERLIN_GEN25-31x31.jpg 31w, https:\/\/www.katalanischer-salon.de\/wp-content\/uploads\/2025\/01\/IG_MAMFIERA_BERLIN_GEN25-38x38.jpg 38w, https:\/\/www.katalanischer-salon.de\/wp-content\/uploads\/2025\/01\/IG_MAMFIERA_BERLIN_GEN25-215x215.jpg 215w, https:\/\/www.katalanischer-salon.de\/wp-content\/uploads\/2025\/01\/IG_MAMFIERA_BERLIN_GEN25-660x660.jpg 660w, https:\/\/www.katalanischer-salon.de\/wp-content\/uploads\/2025\/01\/IG_MAMFIERA_BERLIN_GEN25.jpg 1080w\" sizes=\"(max-width: 1024px) 100vw, 1024px\" \/><\/figure>\n\n\n\n<p>Despr\u00e9s de la projecci\u00f3 moderar\u00e0 la xerrada <strong>\u00c0ngela Mora<\/strong>, cin\u00e8fila i estudiant de psicologia a la UOC, i, com sempre, anir\u00e0 acompanyada d\u2019un <strong>aperitiu catal\u00e0<\/strong> per gentilesa de la Delegaci\u00f3 del Govern de Catalunya a Alemanya. <\/p>\n\n\n\n<p>El Cicle Gaud\u00ed a Berl\u00edn est\u00e0 organitzat per l\u2019<strong>Acad\u00e8mia del Cinema Catal\u00e0<\/strong>&nbsp;en col\u00b7laboraci\u00f3 amb l\u2019<strong>Institut Ramon Llull<\/strong>&nbsp; i el suport de la&nbsp;<strong>Delegaci\u00f3 del Govern de Catalunya a Alemanya.<\/strong><\/p>","protected":false},"excerpt":{"rendered":"<p>Continuem amb el Cicle Gaud\u00ed de cinema catal\u00e0 a Berl\u00edn que ens fa arribar la nostra amiga i s\u00f2cia del KaSal Montse Majench de l&#8217;Acad\u00e8mia del Cinema Catal\u00e0. 18.01.25_16 h_ 14.12.24_16 h_MAM\u00cdFERA(Catal\u00e0, Castell\u00e0) [VOSE] SP 2024, Direcci\u00f3: Liliana Torres amb&#8230;<\/p>","protected":false},"author":5,"featured_media":3991,"comment_status":"closed","ping_status":"open","sticky":false,"template":"","format":"standard","meta":[],"categories":[245,8,86,96,1,241,244,167,132,179,7],"tags":[247,84,170,111,246,168,130,176,39,180],"_links":{"self":[{"href":"https:\/\/www.katalanischer-salon.de\/de\/wp-json\/wp\/v2\/posts\/3989"}],"collection":[{"href":"https:\/\/www.katalanischer-salon.de\/de\/wp-json\/wp\/v2\/posts"}],"about":[{"href":"https:\/\/www.katalanischer-salon.de\/de\/wp-json\/wp\/v2\/types\/post"}],"author":[{"embeddable":true,"href":"https:\/\/www.katalanischer-salon.de\/de\/wp-json\/wp\/v2\/users\/5"}],"replies":[{"embeddable":true,"href":"https:\/\/www.katalanischer-salon.de\/de\/wp-json\/wp\/v2\/comments?post=3989"}],"version-history":[{"count":1,"href":"https:\/\/www.katalanischer-salon.de\/de\/wp-json\/wp\/v2\/posts\/3989\/revisions"}],"predecessor-version":[{"id":3992,"href":"https:\/\/www.katalanischer-salon.de\/de\/wp-json\/wp\/v2\/posts\/3989\/revisions\/3992"}],"wp:featuredmedia":[{"embeddable":true,"href":"https:\/\/www.katalanischer-salon.de\/de\/wp-json\/wp\/v2\/media\/3991"}],"wp:attachment":[{"href":"https:\/\/www.katalanischer-salon.de\/de\/wp-json\/wp\/v2\/media?parent=3989"}],"wp:term":[{"taxonomy":"category","embeddable":true,"href":"https:\/\/www.katalanischer-salon.de\/de\/wp-json\/wp\/v2\/categories?post=3989"},{"taxonomy":"post_tag","embeddable":true,"href":"https:\/\/www.katalanischer-salon.de\/de\/wp-json\/wp\/v2\/tags?post=3989"}],"curies":[{"name":"wp","href":"https:\/\/api.w.org\/{rel}","templated":true}]}}