{"id":4005,"date":"2025-01-30T20:25:58","date_gmt":"2025-01-30T18:25:58","guid":{"rendered":"https:\/\/www.katalanischer-salon.de\/?p=4005"},"modified":"2025-01-30T20:25:59","modified_gmt":"2025-01-30T18:25:59","slug":"projeccio-de-robot-dreams-cicle-gaudi-de-cinema-catala","status":"publish","type":"post","link":"https:\/\/www.katalanischer-salon.de\/de\/berlin\/projeccio-de-robot-dreams-cicle-gaudi-de-cinema-catala\/","title":{"rendered":"Projecci\u00f3 de Robot Dreams  &#8211; Cicle Gaud\u00ed de cinema catal\u00e0"},"content":{"rendered":"<p>Continuem amb el <strong>Cicle Gaud\u00ed de cinema catal\u00e0 a Berl\u00edn<\/strong> que ens fa arribar la nostra amiga i s\u00f2cia del KaSal <strong>Montse Majench<\/strong> de l&#8217;<a rel=\"noreferrer noopener\" href=\"https:\/\/www.academiadelcinema.cat\/ca\/\" target=\"_blank\">Acad\u00e8mia del Cinema Catal\u00e0<\/a>. <\/p>\n\n\n\n<p>22.02.25_16 h_ <strong><strong>14.12.24_16 h_<\/strong>Robot Dreams<\/strong> (Animaci\u00f3) [Sense di\u00e0legs] SP-FR 2023, Dir.: Pablo Berger, basada en la novel.la gr\u00e0fica de Sara Varon. 103 Min. Recomanada a partir dels 3 anys.<\/p>\n\n\n\n<p>HUND viu a Manhattan i est\u00e0 cansat d&#8217;estar sol. Per aix\u00f2, es compra un robot\u2014i, amb ell, un veritable amic. Tots dos es tornen inseparables i gaudeixen d\u2019un estiu meravell\u00f3s ple de diversi\u00f3 i felicitat. Per\u00f2 un dia, HUND ha de deixar ROBOT a la platja. Es tornaran a veure mai m\u00e9s?<\/p>\n\n\n\n<p>Nominada a l&#8217;Oscar\u00ae a la Millor Pel\u00b7l\u00edcula d&#8217;Animaci\u00f3 2024, ROBOT DREAMS explica, de manera entranyable, la hist\u00f2ria emocionant i aventurera de l\u2019amistat entre un gos i un robot a la Nova York dels anys 80. Aquesta colorista obra de Pablo Berger \u00e9s capa\u00e7 de captivar grans i petits\u2014amb molt d\u2019humor, cor i una banda sonora inoblidable!<\/p>\n\n\n\n<p>Les entrades les podeu adquirir <a rel=\"noreferrer noopener\" href=\"https:\/\/babylonberlin.eu\/programm\/filmreihen\/cicle-gaud%C3%AD\" target=\"_blank\">aqu\u00ed<\/a>.<\/p>\n\n\n\n<figure class=\"wp-block-image size-large\"><img loading=\"lazy\" width=\"1024\" height=\"1024\" src=\"https:\/\/www.katalanischer-salon.de\/wp-content\/uploads\/2025\/01\/IG_ROBOT_DREAMS_BERLIN_FEB25-1024x1024.jpg\" alt=\"\" class=\"wp-image-4007\" srcset=\"https:\/\/www.katalanischer-salon.de\/wp-content\/uploads\/2025\/01\/IG_ROBOT_DREAMS_BERLIN_FEB25-1024x1024.jpg 1024w, https:\/\/www.katalanischer-salon.de\/wp-content\/uploads\/2025\/01\/IG_ROBOT_DREAMS_BERLIN_FEB25-300x300.jpg 300w, https:\/\/www.katalanischer-salon.de\/wp-content\/uploads\/2025\/01\/IG_ROBOT_DREAMS_BERLIN_FEB25-150x150.jpg 150w, https:\/\/www.katalanischer-salon.de\/wp-content\/uploads\/2025\/01\/IG_ROBOT_DREAMS_BERLIN_FEB25-768x768.jpg 768w, https:\/\/www.katalanischer-salon.de\/wp-content\/uploads\/2025\/01\/IG_ROBOT_DREAMS_BERLIN_FEB25-12x12.jpg 12w, https:\/\/www.katalanischer-salon.de\/wp-content\/uploads\/2025\/01\/IG_ROBOT_DREAMS_BERLIN_FEB25-148x148.jpg 148w, https:\/\/www.katalanischer-salon.de\/wp-content\/uploads\/2025\/01\/IG_ROBOT_DREAMS_BERLIN_FEB25-31x31.jpg 31w, https:\/\/www.katalanischer-salon.de\/wp-content\/uploads\/2025\/01\/IG_ROBOT_DREAMS_BERLIN_FEB25-38x38.jpg 38w, https:\/\/www.katalanischer-salon.de\/wp-content\/uploads\/2025\/01\/IG_ROBOT_DREAMS_BERLIN_FEB25-215x215.jpg 215w, https:\/\/www.katalanischer-salon.de\/wp-content\/uploads\/2025\/01\/IG_ROBOT_DREAMS_BERLIN_FEB25-660x660.jpg 660w, https:\/\/www.katalanischer-salon.de\/wp-content\/uploads\/2025\/01\/IG_ROBOT_DREAMS_BERLIN_FEB25.jpg 1080w\" sizes=\"(max-width: 1024px) 100vw, 1024px\" \/><\/figure>\n\n\n\n<p>Despr\u00e9s de la projecci\u00f3 moderar\u00e0 la xerrada <strong>\u00c0ngela Mora<\/strong>, cin\u00e8fila i estudiant de psicologia a la UOC, i, com sempre, anir\u00e0 acompanyada d\u2019un <strong>aperitiu catal\u00e0<\/strong> per gentilesa de la Delegaci\u00f3 del Govern de Catalunya a Alemanya. <\/p>\n\n\n\n<p>El Cicle Gaud\u00ed a Berl\u00edn est\u00e0 organitzat per l\u2019<strong>Acad\u00e8mia del Cinema Catal\u00e0<\/strong>&nbsp;en col\u00b7laboraci\u00f3 amb l\u2019<strong>Institut Ramon Llull<\/strong>&nbsp; i el suport de la&nbsp;<strong>Delegaci\u00f3 del Govern de Catalunya a Alemanya.<\/strong><\/p>","protected":false},"excerpt":{"rendered":"<p>Continuem amb el Cicle Gaud\u00ed de cinema catal\u00e0 a Berl\u00edn que ens fa arribar la nostra amiga i s\u00f2cia del KaSal Montse Majench de l&#8217;Acad\u00e8mia del Cinema Catal\u00e0. 22.02.25_16 h_ 14.12.24_16 h_Robot Dreams (Animaci\u00f3) [Sense di\u00e0legs] SP-FR 2023, Dir.: Pablo&#8230;<\/p>","protected":false},"author":5,"featured_media":4007,"comment_status":"closed","ping_status":"open","sticky":false,"template":"","format":"standard","meta":[],"categories":[245,8,86,96,1,241,244,167,132,179,7],"tags":[247,84,170,111,246,168,130,176,39,180],"_links":{"self":[{"href":"https:\/\/www.katalanischer-salon.de\/de\/wp-json\/wp\/v2\/posts\/4005"}],"collection":[{"href":"https:\/\/www.katalanischer-salon.de\/de\/wp-json\/wp\/v2\/posts"}],"about":[{"href":"https:\/\/www.katalanischer-salon.de\/de\/wp-json\/wp\/v2\/types\/post"}],"author":[{"embeddable":true,"href":"https:\/\/www.katalanischer-salon.de\/de\/wp-json\/wp\/v2\/users\/5"}],"replies":[{"embeddable":true,"href":"https:\/\/www.katalanischer-salon.de\/de\/wp-json\/wp\/v2\/comments?post=4005"}],"version-history":[{"count":1,"href":"https:\/\/www.katalanischer-salon.de\/de\/wp-json\/wp\/v2\/posts\/4005\/revisions"}],"predecessor-version":[{"id":4008,"href":"https:\/\/www.katalanischer-salon.de\/de\/wp-json\/wp\/v2\/posts\/4005\/revisions\/4008"}],"wp:featuredmedia":[{"embeddable":true,"href":"https:\/\/www.katalanischer-salon.de\/de\/wp-json\/wp\/v2\/media\/4007"}],"wp:attachment":[{"href":"https:\/\/www.katalanischer-salon.de\/de\/wp-json\/wp\/v2\/media?parent=4005"}],"wp:term":[{"taxonomy":"category","embeddable":true,"href":"https:\/\/www.katalanischer-salon.de\/de\/wp-json\/wp\/v2\/categories?post=4005"},{"taxonomy":"post_tag","embeddable":true,"href":"https:\/\/www.katalanischer-salon.de\/de\/wp-json\/wp\/v2\/tags?post=4005"}],"curies":[{"name":"wp","href":"https:\/\/api.w.org\/{rel}","templated":true}]}}