{"id":4010,"date":"2025-02-09T17:11:26","date_gmt":"2025-02-09T15:11:26","guid":{"rendered":"https:\/\/www.katalanischer-salon.de\/?p=4010"},"modified":"2025-02-09T17:11:27","modified_gmt":"2025-02-09T15:11:27","slug":"sessio-informativa-eleccions-federals-a-alemanya","status":"publish","type":"post","link":"https:\/\/www.katalanischer-salon.de\/de\/berlin\/sessio-informativa-eleccions-federals-a-alemanya\/","title":{"rendered":"Sessi\u00f3 informativa: eleccions federals a Alemanya"},"content":{"rendered":"<p>Dilluns <strong>17 de febrer <\/strong>a les <strong>18 h<\/strong> la Delegaci\u00f3 ofereix una sessi\u00f3 informativa amb la intenci\u00f3 de fer una<strong>\u00a0an\u00e0lisi de les eleccions federals\u00a0<\/strong>del 23 de febrer.<br><br>La sessi\u00f3 informativa telem\u00e0tica es far\u00e0 en catal\u00e0 i\u00a0comptarem amb l&#8217;expertesa del periodista <strong>Andreu Jerez<\/strong>, especialitzat en informaci\u00f3 internacional i profund coneixedor d&#8217;Alemanya i la ultradreta europea. \u00a0<\/p>\n\n\n\n<p>La retransmissi\u00f3 ser\u00e0 pel <strong>canal d&#8217;Exteriors a Youtube<\/strong>, quedar\u00e0 enregistrada i es podran fer consultes via xat. Per accedir al directe, si us plau, inscriviu-vos a trav\u00e9s d&#8217;aquest <a href=\"https:\/\/dgde.app.teenvio.cat\/v4\/public\/estadisticas\/link\/dgde\/596\/1\/53027\/1b3f24407651006440f191ed9a676054\/\">formulari<\/a>.<\/p>\n\n\n\n<p><\/p>\n\n\n\n<div class=\"wp-block-image\"><figure class=\"aligncenter size-full\"><img loading=\"lazy\" width=\"610\" height=\"341\" src=\"https:\/\/www.katalanischer-salon.de\/wp-content\/uploads\/2025\/02\/Sessio-informativa-febrer_-eleccions-Alemanya.jpg\" alt=\"\" class=\"wp-image-4011\" srcset=\"https:\/\/www.katalanischer-salon.de\/wp-content\/uploads\/2025\/02\/Sessio-informativa-febrer_-eleccions-Alemanya.jpg 610w, https:\/\/www.katalanischer-salon.de\/wp-content\/uploads\/2025\/02\/Sessio-informativa-febrer_-eleccions-Alemanya-300x168.jpg 300w, https:\/\/www.katalanischer-salon.de\/wp-content\/uploads\/2025\/02\/Sessio-informativa-febrer_-eleccions-Alemanya-18x10.jpg 18w, https:\/\/www.katalanischer-salon.de\/wp-content\/uploads\/2025\/02\/Sessio-informativa-febrer_-eleccions-Alemanya-148x83.jpg 148w, https:\/\/www.katalanischer-salon.de\/wp-content\/uploads\/2025\/02\/Sessio-informativa-febrer_-eleccions-Alemanya-31x17.jpg 31w, https:\/\/www.katalanischer-salon.de\/wp-content\/uploads\/2025\/02\/Sessio-informativa-febrer_-eleccions-Alemanya-38x21.jpg 38w, https:\/\/www.katalanischer-salon.de\/wp-content\/uploads\/2025\/02\/Sessio-informativa-febrer_-eleccions-Alemanya-385x215.jpg 385w\" sizes=\"(max-width: 610px) 100vw, 610px\" \/><\/figure><\/div>","protected":false},"excerpt":{"rendered":"<p>Dilluns 17 de febrer a les 18 h la Delegaci\u00f3 ofereix una sessi\u00f3 informativa amb la intenci\u00f3 de fer una\u00a0an\u00e0lisi de les eleccions federals\u00a0del 23 de febrer.La sessi\u00f3 informativa telem\u00e0tica es far\u00e0 en catal\u00e0 i\u00a0comptarem amb l&#8217;expertesa del periodista Andreu&#8230;<\/p>","protected":false},"author":5,"featured_media":4011,"comment_status":"closed","ping_status":"open","sticky":false,"template":"","format":"standard","meta":[],"categories":[8,357,1,132,273,131],"tags":[356,111,205,133,129],"_links":{"self":[{"href":"https:\/\/www.katalanischer-salon.de\/de\/wp-json\/wp\/v2\/posts\/4010"}],"collection":[{"href":"https:\/\/www.katalanischer-salon.de\/de\/wp-json\/wp\/v2\/posts"}],"about":[{"href":"https:\/\/www.katalanischer-salon.de\/de\/wp-json\/wp\/v2\/types\/post"}],"author":[{"embeddable":true,"href":"https:\/\/www.katalanischer-salon.de\/de\/wp-json\/wp\/v2\/users\/5"}],"replies":[{"embeddable":true,"href":"https:\/\/www.katalanischer-salon.de\/de\/wp-json\/wp\/v2\/comments?post=4010"}],"version-history":[{"count":1,"href":"https:\/\/www.katalanischer-salon.de\/de\/wp-json\/wp\/v2\/posts\/4010\/revisions"}],"predecessor-version":[{"id":4012,"href":"https:\/\/www.katalanischer-salon.de\/de\/wp-json\/wp\/v2\/posts\/4010\/revisions\/4012"}],"wp:featuredmedia":[{"embeddable":true,"href":"https:\/\/www.katalanischer-salon.de\/de\/wp-json\/wp\/v2\/media\/4011"}],"wp:attachment":[{"href":"https:\/\/www.katalanischer-salon.de\/de\/wp-json\/wp\/v2\/media?parent=4010"}],"wp:term":[{"taxonomy":"category","embeddable":true,"href":"https:\/\/www.katalanischer-salon.de\/de\/wp-json\/wp\/v2\/categories?post=4010"},{"taxonomy":"post_tag","embeddable":true,"href":"https:\/\/www.katalanischer-salon.de\/de\/wp-json\/wp\/v2\/tags?post=4010"}],"curies":[{"name":"wp","href":"https:\/\/api.w.org\/{rel}","templated":true}]}}