{"id":4016,"date":"2025-02-25T21:42:12","date_gmt":"2025-02-25T19:42:12","guid":{"rendered":"https:\/\/www.katalanischer-salon.de\/?p=4016"},"modified":"2025-02-25T21:44:40","modified_gmt":"2025-02-25T19:44:40","slug":"projeccio-de-el-mestre-que-va-prometre-el-mar-der-lehrer-der-uns-das-meer-versprach","status":"publish","type":"post","link":"https:\/\/www.katalanischer-salon.de\/de\/berlin\/projeccio-de-el-mestre-que-va-prometre-el-mar-der-lehrer-der-uns-das-meer-versprach\/","title":{"rendered":"Projecci\u00f3 de El mestre que va prometre el mar (Der Lehrer, der uns das Meer versprach)"},"content":{"rendered":"<p>El KFSR (K\u00e4mpfer und Freunde der Spanischen Republik 1936\u20131939 e. V. ), en col\u00b7laboraci\u00f3 amb la distribu\u00efdora cinematogr\u00e0fica \u201c<strong>24 Bilder<\/strong>\u201d i el <strong>Kino Moviemento ,<\/strong> organitzen la projecci\u00f3 de <strong>El mestre que va prometre el mar<\/strong> (<strong>Der Lehrer, der uns das Meer versprach) <\/strong>en versi\u00f3 original en catal\u00e0\u00a0 i castell\u00e0 i subt\u00edtols en alemany.<\/p>\n\n\n\n<p>Data: <strong>diumenge 2 de mar\u00e7 de 2025, a les 15 h<\/strong><\/p>\n\n\n\n<p>Ubicaci\u00f3: <strong>Kino Moviemento<\/strong> a Berlin-Kreuzberg, Kottbusser Damm 22, 10967 Berl\u00edn<\/p>\n\n\n\n<p>Nota: el cinema es troba al primer pis, malauradament sense acc\u00e9s sense barreres!<\/p>\n\n\n\n<p>Es recomana comprar entrades anticipades <a href=\"https:\/\/www.kinoheld.de\/kino\/berlin\/moviemento-kino\/vorstellung\/3179082902\" target=\"_blank\" rel=\"noreferrer noopener\">en l\u00ednia<\/a> o reservar-les per tel\u00e8fon: 030-692 47 85<\/p>\n\n\n\n<figure class=\"wp-block-image size-full\"><img loading=\"lazy\" width=\"329\" height=\"465\" src=\"https:\/\/www.katalanischer-salon.de\/wp-content\/uploads\/2025\/02\/DerLehrer_dasMeer_filmplakat.jpg\" alt=\"\" class=\"wp-image-4017\" srcset=\"https:\/\/www.katalanischer-salon.de\/wp-content\/uploads\/2025\/02\/DerLehrer_dasMeer_filmplakat.jpg 329w, https:\/\/www.katalanischer-salon.de\/wp-content\/uploads\/2025\/02\/DerLehrer_dasMeer_filmplakat-212x300.jpg 212w, https:\/\/www.katalanischer-salon.de\/wp-content\/uploads\/2025\/02\/DerLehrer_dasMeer_filmplakat-8x12.jpg 8w, https:\/\/www.katalanischer-salon.de\/wp-content\/uploads\/2025\/02\/DerLehrer_dasMeer_filmplakat-105x148.jpg 105w, https:\/\/www.katalanischer-salon.de\/wp-content\/uploads\/2025\/02\/DerLehrer_dasMeer_filmplakat-22x31.jpg 22w, https:\/\/www.katalanischer-salon.de\/wp-content\/uploads\/2025\/02\/DerLehrer_dasMeer_filmplakat-27x38.jpg 27w, https:\/\/www.katalanischer-salon.de\/wp-content\/uploads\/2025\/02\/DerLehrer_dasMeer_filmplakat-152x215.jpg 152w\" sizes=\"(max-width: 329px) 100vw, 329px\" \/><\/figure>\n\n\n\n<p>Despr\u00e9s de la projecci\u00f3, hi haur\u00e0 un col\u00b7loqui de cinema moderat per la KFSR, al qual estan convidats la periodista Camela Negrete i el traductor i director teatral Felipe Orob\u00f3n.<\/p>\n\n\n\n<p>Tota la informaci\u00f3 al lloc <a href=\"https:\/\/www.kfsr.info\/event\/der-lehrer-der-uns-das-meer-versprach\/\" target=\"_blank\" rel=\"noreferrer noopener\">web original<\/a>.<\/p>","protected":false},"excerpt":{"rendered":"<p>El KFSR (K\u00e4mpfer und Freunde der Spanischen Republik 1936\u20131939 e. V. ), en col\u00b7laboraci\u00f3 amb la distribu\u00efdora cinematogr\u00e0fica \u201c24 Bilder\u201d i el Kino Moviemento , organitzen la projecci\u00f3 de El mestre que va prometre el mar (Der Lehrer, der uns&#8230;<\/p>","protected":false},"author":5,"featured_media":4017,"comment_status":"closed","ping_status":"open","sticky":false,"template":"","format":"standard","meta":[],"categories":[8,86,96,1,241,167,7,360,361],"tags":[84,170,111,168,39,180,358,359],"_links":{"self":[{"href":"https:\/\/www.katalanischer-salon.de\/de\/wp-json\/wp\/v2\/posts\/4016"}],"collection":[{"href":"https:\/\/www.katalanischer-salon.de\/de\/wp-json\/wp\/v2\/posts"}],"about":[{"href":"https:\/\/www.katalanischer-salon.de\/de\/wp-json\/wp\/v2\/types\/post"}],"author":[{"embeddable":true,"href":"https:\/\/www.katalanischer-salon.de\/de\/wp-json\/wp\/v2\/users\/5"}],"replies":[{"embeddable":true,"href":"https:\/\/www.katalanischer-salon.de\/de\/wp-json\/wp\/v2\/comments?post=4016"}],"version-history":[{"count":2,"href":"https:\/\/www.katalanischer-salon.de\/de\/wp-json\/wp\/v2\/posts\/4016\/revisions"}],"predecessor-version":[{"id":4019,"href":"https:\/\/www.katalanischer-salon.de\/de\/wp-json\/wp\/v2\/posts\/4016\/revisions\/4019"}],"wp:featuredmedia":[{"embeddable":true,"href":"https:\/\/www.katalanischer-salon.de\/de\/wp-json\/wp\/v2\/media\/4017"}],"wp:attachment":[{"href":"https:\/\/www.katalanischer-salon.de\/de\/wp-json\/wp\/v2\/media?parent=4016"}],"wp:term":[{"taxonomy":"category","embeddable":true,"href":"https:\/\/www.katalanischer-salon.de\/de\/wp-json\/wp\/v2\/categories?post=4016"},{"taxonomy":"post_tag","embeddable":true,"href":"https:\/\/www.katalanischer-salon.de\/de\/wp-json\/wp\/v2\/tags?post=4016"}],"curies":[{"name":"wp","href":"https:\/\/api.w.org\/{rel}","templated":true}]}}