{"id":4092,"date":"2025-06-08T11:45:05","date_gmt":"2025-06-08T09:45:05","guid":{"rendered":"https:\/\/www.katalanischer-salon.de\/?p=4092"},"modified":"2025-06-08T11:48:48","modified_gmt":"2025-06-08T09:48:48","slug":"kdk-bastoners-dingolstadt-castellers-de-berlin","status":"publish","type":"post","link":"https:\/\/www.katalanischer-salon.de\/de\/berlin\/kdk-bastoners-dingolstadt-castellers-de-berlin\/","title":{"rendered":"KdK &#8211; Bastoners d&#8217;Ingolstadt + Castellers de Berl\u00edn"},"content":{"rendered":"<p>Com probablement ja sabeu, aquest dies s&#8217;est\u00e0 celebrant a Berl\u00edn el <strong>Karneval der Kultur<\/strong>en (KdK). A banda de la rua d&#8217;avui diumenge 8 de juny, dins del programa del KdK (Karneval der Kulturen) podem trobar aquest any dues mostres de la cultura popular catalana: els<strong> Castellers de Berl\u00edn<\/strong> i els <strong>Bastoners del Casal Catal\u00e0 d&#8217;Ingolstadt<\/strong>.<\/p>\n\n\n\n<p>Ambd\u00f3s actuen el mateix dia, el <strong>dilluns 9 de juny<\/strong> per\u00f2 amb una hora de difer\u00e8ncia, els <a rel=\"noreferrer noopener\" href=\"https:\/\/www2.karneval.berlin\/static\/fest\/rasen-in-aktion-programm-detail.html#c1193\" target=\"_blank\">Castellers<\/a> a les <strong>13.00h<\/strong> i els <a rel=\"noreferrer noopener\" href=\"https:\/\/www2.karneval.berlin\/static\/fest\/rasen-in-aktion-programm-detail.html#c1197\" target=\"_blank\">Bastoners<\/a> a les <strong>14.00h.<\/strong> La ubicaci\u00f3 exacta no la coneixem per\u00f2 en tot cas \u00e9s <a rel=\"noreferrer noopener\" href=\"https:\/\/www.google.com\/maps\/place\/\/@52.4970819,13.3936972,18.25z?entry=ttu&amp;g_ep=EgoyMDI1MDYwNC4wIKXMDSoASAFQAw%3D%3D\" target=\"_blank\">per aqu\u00ed<\/a><\/p>\n\n\n\n<div class=\"wp-block-image\"><figure class=\"aligncenter size-full\"><img loading=\"lazy\" width=\"768\" height=\"544\" src=\"https:\/\/www.katalanischer-salon.de\/wp-content\/uploads\/2025\/06\/Bastoners-dIngolstadt.jpg\" alt=\"\" class=\"wp-image-4090\" srcset=\"https:\/\/www.katalanischer-salon.de\/wp-content\/uploads\/2025\/06\/Bastoners-dIngolstadt.jpg 768w, https:\/\/www.katalanischer-salon.de\/wp-content\/uploads\/2025\/06\/Bastoners-dIngolstadt-300x213.jpg 300w, https:\/\/www.katalanischer-salon.de\/wp-content\/uploads\/2025\/06\/Bastoners-dIngolstadt-18x12.jpg 18w, https:\/\/www.katalanischer-salon.de\/wp-content\/uploads\/2025\/06\/Bastoners-dIngolstadt-148x105.jpg 148w, https:\/\/www.katalanischer-salon.de\/wp-content\/uploads\/2025\/06\/Bastoners-dIngolstadt-31x22.jpg 31w, https:\/\/www.katalanischer-salon.de\/wp-content\/uploads\/2025\/06\/Bastoners-dIngolstadt-38x27.jpg 38w, https:\/\/www.katalanischer-salon.de\/wp-content\/uploads\/2025\/06\/Bastoners-dIngolstadt-304x215.jpg 304w\" sizes=\"(max-width: 768px) 100vw, 768px\" \/><\/figure><\/div>","protected":false},"excerpt":{"rendered":"<p>Com probablement ja sabeu, aquest dies s&#8217;est\u00e0 celebrant a Berl\u00edn el Karneval der Kulturen (KdK). A banda de la rua d&#8217;avui diumenge 8 de juny, dins del programa del KdK (Karneval der Kulturen) podem trobar aquest any dues mostres de&#8230;<\/p>","protected":false},"author":5,"featured_media":4090,"comment_status":"closed","ping_status":"open","sticky":false,"template":"","format":"standard","meta":[],"categories":[8,401,1,386,5,399,403,400],"tags":[398,170,346,55,397,11,396,402],"_links":{"self":[{"href":"https:\/\/www.katalanischer-salon.de\/de\/wp-json\/wp\/v2\/posts\/4092"}],"collection":[{"href":"https:\/\/www.katalanischer-salon.de\/de\/wp-json\/wp\/v2\/posts"}],"about":[{"href":"https:\/\/www.katalanischer-salon.de\/de\/wp-json\/wp\/v2\/types\/post"}],"author":[{"embeddable":true,"href":"https:\/\/www.katalanischer-salon.de\/de\/wp-json\/wp\/v2\/users\/5"}],"replies":[{"embeddable":true,"href":"https:\/\/www.katalanischer-salon.de\/de\/wp-json\/wp\/v2\/comments?post=4092"}],"version-history":[{"count":2,"href":"https:\/\/www.katalanischer-salon.de\/de\/wp-json\/wp\/v2\/posts\/4092\/revisions"}],"predecessor-version":[{"id":4094,"href":"https:\/\/www.katalanischer-salon.de\/de\/wp-json\/wp\/v2\/posts\/4092\/revisions\/4094"}],"wp:featuredmedia":[{"embeddable":true,"href":"https:\/\/www.katalanischer-salon.de\/de\/wp-json\/wp\/v2\/media\/4090"}],"wp:attachment":[{"href":"https:\/\/www.katalanischer-salon.de\/de\/wp-json\/wp\/v2\/media?parent=4092"}],"wp:term":[{"taxonomy":"category","embeddable":true,"href":"https:\/\/www.katalanischer-salon.de\/de\/wp-json\/wp\/v2\/categories?post=4092"},{"taxonomy":"post_tag","embeddable":true,"href":"https:\/\/www.katalanischer-salon.de\/de\/wp-json\/wp\/v2\/tags?post=4092"}],"curies":[{"name":"wp","href":"https:\/\/api.w.org\/{rel}","templated":true}]}}