{"id":4095,"date":"2025-06-08T12:34:52","date_gmt":"2025-06-08T10:34:52","guid":{"rendered":"https:\/\/www.katalanischer-salon.de\/?p=4095"},"modified":"2025-06-08T12:36:52","modified_gmt":"2025-06-08T10:36:52","slug":"21-europaische-kulturtage-2025-katalonien-15-de-juny-al-13-de-juliol","status":"publish","type":"post","link":"https:\/\/www.katalanischer-salon.de\/de\/berlin\/21-europaische-kulturtage-2025-katalonien-15-de-juny-al-13-de-juliol\/","title":{"rendered":"21. Europ\u00e4ische Kulturtage 2025: Katalonien (15 de juny al 13 de juliol)"},"content":{"rendered":"<p>El Museu de les Cultures Europees <strong>MEK <\/strong>(<strong>Museum Europ\u00e4ischer Kulturen<\/strong>) acull regularment a l&#8217;estiu les Jornades Culturals Europees. Del 15 de juny al 13 de juliol, el focus d&#8217;enguany \u00e9s <strong>Catalunya i la cultura catalana<\/strong>.<\/p>\n\n\n\n<p>Les jornades culturals d&#8217;enguany s&#8217;organitzen amb la col\u00b7laboraci\u00f3 de la <strong>Delegaci\u00f3 del Govern de la Generalitat de Catalunya<\/strong> <strong>a Alemanya<\/strong>, l&#8217;<strong>Institut Iberoameric\u00e0 de Catalunya<\/strong> i l&#8217;<strong>Associaci\u00f3 d&#8217;Amics del Museu de les Cultures Europees<\/strong>.<\/p>\n\n\n\n<p>El <a rel=\"noreferrer noopener\" href=\"https:\/\/www.smb.museum\/veranstaltungen\/veranstaltungsreihe\/21-europaeische-kulturtage-2025-katalonien\/\" target=\"_blank\">programa<\/a> \u00e9s molt extens i t\u00e9 lloc des del <strong>15 de juny fins al<\/strong> <strong>13 de juliol <\/strong>al mateix <strong>MEK <\/strong>(<strong>Museum Europ\u00e4ischer Kulturen<\/strong>) i a l&#8217;<strong>Ibero-Amerikanisches Institut<\/strong>. M\u00e9s val que estigueu pendents del programa i del nostre calendari, on anirem penjant les diferents activitats!<\/p>\n\n\n\n<p>Per destacar-ne ara algunes, despr\u00e9s de la inauguraci\u00f3 de les jornades el <strong>dissabte 15 de juny<\/strong>, com a cloenda hi haur\u00e0 un concert del <strong>duo Magari<\/strong>, que interpretar\u00e0 les seves pr\u00f2pies composicions i arranjaments inspirats en la m\u00fasica i la dansa tradicional dels Pirineus.<\/p>\n\n\n\n<div class=\"wp-block-image\"><figure class=\"aligncenter size-full\"><img loading=\"lazy\" width=\"949\" height=\"464\" src=\"https:\/\/www.katalanischer-salon.de\/wp-content\/uploads\/2025\/06\/duo-Magari.jpg\" alt=\"\" class=\"wp-image-4096\" srcset=\"https:\/\/www.katalanischer-salon.de\/wp-content\/uploads\/2025\/06\/duo-Magari.jpg 949w, https:\/\/www.katalanischer-salon.de\/wp-content\/uploads\/2025\/06\/duo-Magari-300x147.jpg 300w, https:\/\/www.katalanischer-salon.de\/wp-content\/uploads\/2025\/06\/duo-Magari-768x376.jpg 768w, https:\/\/www.katalanischer-salon.de\/wp-content\/uploads\/2025\/06\/duo-Magari-18x9.jpg 18w, https:\/\/www.katalanischer-salon.de\/wp-content\/uploads\/2025\/06\/duo-Magari-148x72.jpg 148w, https:\/\/www.katalanischer-salon.de\/wp-content\/uploads\/2025\/06\/duo-Magari-31x15.jpg 31w, https:\/\/www.katalanischer-salon.de\/wp-content\/uploads\/2025\/06\/duo-Magari-38x19.jpg 38w, https:\/\/www.katalanischer-salon.de\/wp-content\/uploads\/2025\/06\/duo-Magari-425x208.jpg 425w\" sizes=\"(max-width: 949px) 100vw, 949px\" \/><\/figure><\/div>\n\n\n\n<p>Un altre dia a destacar \u00e9s el <strong>dijous 19 de juny<\/strong>. A les <strong>17.00h<\/strong> la <strong>Maria Burguera Mas<\/strong> (lectora de catal\u00e0 de la FU) dur\u00e0 a terme un <strong>&#8220;curs de tast&#8221; del catal\u00e0<\/strong> i a les <strong>18.00h<\/strong> la prestigiosa traductora al catal\u00e0 <strong>Kirsten Brandt<\/strong> us introduir\u00e0 en la hist\u00f2ria i la cultura catalanes.<\/p>\n\n\n\n<p>D&#8217;altres a destacar: <\/p>\n\n\n\n<ul><li>dissabte 21 de juny a les 16.00h: <strong>taller <\/strong>amb <strong>Maria Sillero Planas<\/strong> per introduir-te a diferents <strong>danses <\/strong>(sardana, jota mallorquina, ball pla&#8230;)<\/li><li>diumenge 6 de juliol a les 16.30h: <strong>tast d&#8217;oli d&#8217;oliva i pa amb tom\u00e0quet<\/strong><\/li><li>dimecres 9 de juliol a les 19.00h, <strong>concert d&#8217;Ares Gratal i Pablo Arroyo<\/strong> al IAI.<\/li><\/ul>","protected":false},"excerpt":{"rendered":"<p>El Museu de les Cultures Europees MEK (Museum Europ\u00e4ischer Kulturen) acull regularment a l&#8217;estiu les Jornades Culturals Europees. Del 15 de juny al 13 de juliol, el focus d&#8217;enguany \u00e9s Catalunya i la cultura catalana. Les jornades culturals d&#8217;enguany s&#8217;organitzen&#8230;<\/p>","protected":false},"author":5,"featured_media":4096,"comment_status":"closed","ping_status":"open","sticky":false,"template":"","format":"standard","meta":[],"categories":[8,86,1,171,241,5,315,308,132,405,179,275,404,122],"tags":[170,111,55,46,311,406,130,407,177,174],"_links":{"self":[{"href":"https:\/\/www.katalanischer-salon.de\/de\/wp-json\/wp\/v2\/posts\/4095"}],"collection":[{"href":"https:\/\/www.katalanischer-salon.de\/de\/wp-json\/wp\/v2\/posts"}],"about":[{"href":"https:\/\/www.katalanischer-salon.de\/de\/wp-json\/wp\/v2\/types\/post"}],"author":[{"embeddable":true,"href":"https:\/\/www.katalanischer-salon.de\/de\/wp-json\/wp\/v2\/users\/5"}],"replies":[{"embeddable":true,"href":"https:\/\/www.katalanischer-salon.de\/de\/wp-json\/wp\/v2\/comments?post=4095"}],"version-history":[{"count":3,"href":"https:\/\/www.katalanischer-salon.de\/de\/wp-json\/wp\/v2\/posts\/4095\/revisions"}],"predecessor-version":[{"id":4100,"href":"https:\/\/www.katalanischer-salon.de\/de\/wp-json\/wp\/v2\/posts\/4095\/revisions\/4100"}],"wp:featuredmedia":[{"embeddable":true,"href":"https:\/\/www.katalanischer-salon.de\/de\/wp-json\/wp\/v2\/media\/4096"}],"wp:attachment":[{"href":"https:\/\/www.katalanischer-salon.de\/de\/wp-json\/wp\/v2\/media?parent=4095"}],"wp:term":[{"taxonomy":"category","embeddable":true,"href":"https:\/\/www.katalanischer-salon.de\/de\/wp-json\/wp\/v2\/categories?post=4095"},{"taxonomy":"post_tag","embeddable":true,"href":"https:\/\/www.katalanischer-salon.de\/de\/wp-json\/wp\/v2\/tags?post=4095"}],"curies":[{"name":"wp","href":"https:\/\/api.w.org\/{rel}","templated":true}]}}