{"id":4107,"date":"2025-06-08T16:58:58","date_gmt":"2025-06-08T14:58:58","guid":{"rendered":"https:\/\/www.katalanischer-salon.de\/?p=4107"},"modified":"2025-06-08T16:59:00","modified_gmt":"2025-06-08T14:59:00","slug":"projeccio-de-la-voluntaria-the-volunteer-cicle-gaudi-de-cinema-catala","status":"publish","type":"post","link":"https:\/\/www.katalanischer-salon.de\/de\/berlin\/projeccio-de-la-voluntaria-the-volunteer-cicle-gaudi-de-cinema-catala\/","title":{"rendered":"Projecci\u00f3 de La Volunt\u00e0ria (The Volunteer) &#8211; Cicle Gaud\u00ed de cinema catal\u00e0"},"content":{"rendered":"<p>Continuem amb el <strong>Cicle Gaud\u00ed de cinema catal\u00e0 a Berl\u00edn<\/strong> que ens fa arribar la nostra amiga i s\u00f2cia del KaSal <strong>Montse Majench<\/strong> de l&#8217;<a rel=\"noreferrer noopener\" href=\"https:\/\/www.academiadelcinema.cat\/ca\/\" target=\"_blank\">Acad\u00e8mia del Cinema Catal\u00e0<\/a>. <\/p>\n\n\n\n<p><strong><a><strong><strong>LA VOLUNTARIA (THE VOLUNTEER)<\/strong><\/strong><\/a><\/strong>\u00a0 [VO castell\u00e0 \u2013 subt\u00edtols en angl\u00e8s] SP\u2013GR 2022, Direcci\u00f3:\u00a0<strong>Nely Reguera<\/strong> amb Carmen Machi, Hamam Aldrarweesh-Almanower, Itsaso Arana, Arnau Comas, D\u00e8lia Brufau, Yohan Levy u. Henrietta Rauth.99 Min.<\/p>\n\n\n\n<p>Una metgessa recentment jubilada per\u00f2 encara activa i amb ganes de sentir-se \u00fatil, vitaja a un camp de refugiats de Gr\u00e8cia per donar un cop de m\u00e0 a l&#8217;ONG que hi organitza les activitats. A la seva arribada, ja queda clar que no s&#8217;assembla als altres voluntaris. Una immensa <strong>Carmen Machi <\/strong>es posa en la pell de la Marisa, un personatge en plena crisi vital i necessitat d&#8217;afecte que arriba a un lloc on se&#8217;n necessita molt, d&#8217;afecte.<\/p>\n\n\n\n<p>Diu la directora: \u201cLa meva mare no \u00e9s la Marisa, per\u00f2 el personatge sorgeix de la seva jubilaci\u00f3 \u2013explica\u2013. Em va impressionar veure com, de la nit al dia, passes de ser un professional competent que t\u00e9 un valor per a la societat a no tenir cap utilitat, com un moble vell que s&#8217;arracona. I volia reflexionar sobre la gesti\u00f3 d&#8217;aquest canvi tan dr\u00e0stic\u201d.<\/p>\n\n\n\n<p>Les entrades les podeu adquirir <a rel=\"noreferrer noopener\" href=\"https:\/\/babylonberlin.eu\/programm\/filmreihen\/cicle-gaud%C3%AD\" target=\"_blank\">aqu\u00ed<\/a>.<\/p>\n\n\n\n<figure class=\"wp-block-image size-large\"><img loading=\"lazy\" width=\"819\" height=\"1024\" src=\"https:\/\/www.katalanischer-salon.de\/wp-content\/uploads\/2025\/06\/IG_VOLUNTARIA_BERLIN_JUNY25-819x1024.jpg\" alt=\"\" class=\"wp-image-4108\" srcset=\"https:\/\/www.katalanischer-salon.de\/wp-content\/uploads\/2025\/06\/IG_VOLUNTARIA_BERLIN_JUNY25-819x1024.jpg 819w, https:\/\/www.katalanischer-salon.de\/wp-content\/uploads\/2025\/06\/IG_VOLUNTARIA_BERLIN_JUNY25-240x300.jpg 240w, https:\/\/www.katalanischer-salon.de\/wp-content\/uploads\/2025\/06\/IG_VOLUNTARIA_BERLIN_JUNY25-768x960.jpg 768w, https:\/\/www.katalanischer-salon.de\/wp-content\/uploads\/2025\/06\/IG_VOLUNTARIA_BERLIN_JUNY25-10x12.jpg 10w, https:\/\/www.katalanischer-salon.de\/wp-content\/uploads\/2025\/06\/IG_VOLUNTARIA_BERLIN_JUNY25-118x148.jpg 118w, https:\/\/www.katalanischer-salon.de\/wp-content\/uploads\/2025\/06\/IG_VOLUNTARIA_BERLIN_JUNY25-25x31.jpg 25w, https:\/\/www.katalanischer-salon.de\/wp-content\/uploads\/2025\/06\/IG_VOLUNTARIA_BERLIN_JUNY25-30x38.jpg 30w, https:\/\/www.katalanischer-salon.de\/wp-content\/uploads\/2025\/06\/IG_VOLUNTARIA_BERLIN_JUNY25-172x215.jpg 172w, https:\/\/www.katalanischer-salon.de\/wp-content\/uploads\/2025\/06\/IG_VOLUNTARIA_BERLIN_JUNY25.jpg 1080w\" sizes=\"(max-width: 819px) 100vw, 819px\" \/><\/figure>\n\n\n\n<p>Despr\u00e9s de la projecci\u00f3, com sempre, hi haur\u00e0 un col\u00b7loqui, aquest cop moderat per l&#8217;<strong>Olivia L\u00f3pez Bremme<\/strong>, estudiant a la HU<strong>,<\/strong> acompanyat d\u2019un aperitiu catal\u00e0 per gentilesa de la Delegaci\u00f3 del Govern catal\u00e0 a Alemanya. <\/p>\n\n\n\n<p>El Cicle Gaud\u00ed a Berl\u00edn est\u00e0 organitzat per l\u2019<strong>Acad\u00e8mia del Cinema Catal\u00e0<\/strong>&nbsp;en col\u00b7laboraci\u00f3 amb l\u2019<strong>Institut Ramon Llull<\/strong>&nbsp; i el suport de la&nbsp;<strong>Delegaci\u00f3 del Govern de Catalunya a Alemanya.<\/strong><\/p>","protected":false},"excerpt":{"rendered":"<p>Continuem amb el Cicle Gaud\u00ed de cinema catal\u00e0 a Berl\u00edn que ens fa arribar la nostra amiga i s\u00f2cia del KaSal Montse Majench de l&#8217;Acad\u00e8mia del Cinema Catal\u00e0. LA VOLUNTARIA (THE VOLUNTEER)\u00a0 [VO castell\u00e0 \u2013 subt\u00edtols en angl\u00e8s] SP\u2013GR 2022,&#8230;<\/p>","protected":false},"author":5,"featured_media":4108,"comment_status":"closed","ping_status":"open","sticky":false,"template":"","format":"standard","meta":[],"categories":[245,8,86,96,1,241,244,167,132,179,7],"tags":[247,84,170,111,246,168,130,176,39,180],"_links":{"self":[{"href":"https:\/\/www.katalanischer-salon.de\/de\/wp-json\/wp\/v2\/posts\/4107"}],"collection":[{"href":"https:\/\/www.katalanischer-salon.de\/de\/wp-json\/wp\/v2\/posts"}],"about":[{"href":"https:\/\/www.katalanischer-salon.de\/de\/wp-json\/wp\/v2\/types\/post"}],"author":[{"embeddable":true,"href":"https:\/\/www.katalanischer-salon.de\/de\/wp-json\/wp\/v2\/users\/5"}],"replies":[{"embeddable":true,"href":"https:\/\/www.katalanischer-salon.de\/de\/wp-json\/wp\/v2\/comments?post=4107"}],"version-history":[{"count":1,"href":"https:\/\/www.katalanischer-salon.de\/de\/wp-json\/wp\/v2\/posts\/4107\/revisions"}],"predecessor-version":[{"id":4110,"href":"https:\/\/www.katalanischer-salon.de\/de\/wp-json\/wp\/v2\/posts\/4107\/revisions\/4110"}],"wp:featuredmedia":[{"embeddable":true,"href":"https:\/\/www.katalanischer-salon.de\/de\/wp-json\/wp\/v2\/media\/4108"}],"wp:attachment":[{"href":"https:\/\/www.katalanischer-salon.de\/de\/wp-json\/wp\/v2\/media?parent=4107"}],"wp:term":[{"taxonomy":"category","embeddable":true,"href":"https:\/\/www.katalanischer-salon.de\/de\/wp-json\/wp\/v2\/categories?post=4107"},{"taxonomy":"post_tag","embeddable":true,"href":"https:\/\/www.katalanischer-salon.de\/de\/wp-json\/wp\/v2\/tags?post=4107"}],"curies":[{"name":"wp","href":"https:\/\/api.w.org\/{rel}","templated":true}]}}