{"id":4203,"date":"2025-12-09T20:34:48","date_gmt":"2025-12-09T18:34:48","guid":{"rendered":"https:\/\/www.katalanischer-salon.de\/?p=4203"},"modified":"2025-12-09T20:34:50","modified_gmt":"2025-12-09T18:34:50","slug":"projeccio-de-rock-bottom","status":"publish","type":"post","link":"https:\/\/www.katalanischer-salon.de\/de\/berlin\/projeccio-de-rock-bottom\/","title":{"rendered":"Projecci\u00f3 de Rock Bottom"},"content":{"rendered":"<p>Com a cirereta del Cicle Gaud\u00ed a Berl\u00edn, per coronar la segona temporada, presentem a la\u00a0<strong>sala gran del Babylon<\/strong>\u00a0un musical d\u2019animaci\u00f3 inspirat en la vida i en la m\u00fasica de Robert Wyatt:\u00a0<strong>ROCK BOTTOM<\/strong>.<\/p>\n\n\n\n<p><strong><a><strong><strong><strong><strong><strong><strong>ROCK BOTTOM<\/strong><\/strong><\/strong><\/strong><\/strong><\/strong><\/a><\/strong> [Pel\u00b7l\u00edcula musical animada] [Catal\u00e0, espanyol, angl\u00e8s. Subt\u00edtols en angl\u00e8s] SP-PL 2024, directora:\u00a0<strong>Mar\u00eda Tr\u00e9nor<\/strong>. Recomanada a partir dels 18 anys, especialment pels fans de SOFTMACHINE i PINK FLOYD | 84 min.<\/p>\n\n\n\n<p>A trav\u00e9s de la m\u00fasica de\u00a0<strong>Robert Wyatt<\/strong>, la pel\u00b7l\u00edcula narra l\u2019apassionada hist\u00f2ria d\u2019amor d\u2019en Bob i l\u2019Alif, una parella jove d\u2019artistes que es veu immersa en l\u2019impressionant remol\u00ed creatiu de principis dels anys setanta, quan la cultura hippy dominava l\u2019escena. Les drogues converteixen un estiu emocionant a Mallorca en un malson que transita pels grans temes de la m\u00fasica de Wyatt, tot just quan se celebra el 50\u00e8 aniversari del llan\u00e7ament de l\u2019\u00e0lbum del qual pren el t\u00edtol la pel\u00b7l\u00edcula.<\/p>\n\n\n\n<p>Rock Bottom va estar nominada als\u00a0<strong>Premis Gaud\u00ed<\/strong>\u00a0i als\u00a0<strong>Premis Goya<\/strong>\u00a0i va estar seleccionada al\u00a0<strong>Festival d\u2019Annecy<\/strong>, el m\u00e9s important del g\u00e8nere d\u2019animaci\u00f3.<\/p>\n\n\n\n<p>Amb la pres\u00e8ncia de la directora valenciana\u00a0<strong>Mar\u00eda Tr\u00e9nor<\/strong>; col\u00b7loqui despr\u00e9s de la pel\u00b7l\u00edcula amb\u00a0\u00c0ngela Mora<strong>.<\/strong><\/p>\n\n\n\n<p>Les entrades les podeu adquirir <a href=\"https:\/\/babylonberlin.eu\/film\/9392-rock-bottom\" target=\"_blank\" rel=\"noreferrer noopener\">aqu\u00ed<\/a>.<\/p>\n\n\n\n<figure class=\"wp-block-image size-full\"><img loading=\"lazy\" width=\"380\" height=\"541\" src=\"https:\/\/www.katalanischer-salon.de\/wp-content\/uploads\/2025\/12\/Rock-Bottom.jpg\" alt=\"\" class=\"wp-image-4205\" srcset=\"https:\/\/www.katalanischer-salon.de\/wp-content\/uploads\/2025\/12\/Rock-Bottom.jpg 380w, https:\/\/www.katalanischer-salon.de\/wp-content\/uploads\/2025\/12\/Rock-Bottom-211x300.jpg 211w, https:\/\/www.katalanischer-salon.de\/wp-content\/uploads\/2025\/12\/Rock-Bottom-8x12.jpg 8w, https:\/\/www.katalanischer-salon.de\/wp-content\/uploads\/2025\/12\/Rock-Bottom-104x148.jpg 104w, https:\/\/www.katalanischer-salon.de\/wp-content\/uploads\/2025\/12\/Rock-Bottom-22x31.jpg 22w, https:\/\/www.katalanischer-salon.de\/wp-content\/uploads\/2025\/12\/Rock-Bottom-27x38.jpg 27w, https:\/\/www.katalanischer-salon.de\/wp-content\/uploads\/2025\/12\/Rock-Bottom-151x215.jpg 151w\" sizes=\"(max-width: 380px) 100vw, 380px\" \/><\/figure>","protected":false},"excerpt":{"rendered":"<p>Com a cirereta del Cicle Gaud\u00ed a Berl\u00edn, per coronar la segona temporada, presentem a la\u00a0sala gran del Babylon\u00a0un musical d\u2019animaci\u00f3 inspirat en la vida i en la m\u00fasica de Robert Wyatt:\u00a0ROCK BOTTOM. ROCK BOTTOM [Pel\u00b7l\u00edcula musical animada] [Catal\u00e0, espanyol,&#8230;<\/p>","protected":false},"author":5,"featured_media":4205,"comment_status":"closed","ping_status":"open","sticky":false,"template":"","format":"standard","meta":[],"categories":[245,8,86,96,1,241,167,7],"tags":[84,170,111,168,39,180],"_links":{"self":[{"href":"https:\/\/www.katalanischer-salon.de\/de\/wp-json\/wp\/v2\/posts\/4203"}],"collection":[{"href":"https:\/\/www.katalanischer-salon.de\/de\/wp-json\/wp\/v2\/posts"}],"about":[{"href":"https:\/\/www.katalanischer-salon.de\/de\/wp-json\/wp\/v2\/types\/post"}],"author":[{"embeddable":true,"href":"https:\/\/www.katalanischer-salon.de\/de\/wp-json\/wp\/v2\/users\/5"}],"replies":[{"embeddable":true,"href":"https:\/\/www.katalanischer-salon.de\/de\/wp-json\/wp\/v2\/comments?post=4203"}],"version-history":[{"count":1,"href":"https:\/\/www.katalanischer-salon.de\/de\/wp-json\/wp\/v2\/posts\/4203\/revisions"}],"predecessor-version":[{"id":4206,"href":"https:\/\/www.katalanischer-salon.de\/de\/wp-json\/wp\/v2\/posts\/4203\/revisions\/4206"}],"wp:featuredmedia":[{"embeddable":true,"href":"https:\/\/www.katalanischer-salon.de\/de\/wp-json\/wp\/v2\/media\/4205"}],"wp:attachment":[{"href":"https:\/\/www.katalanischer-salon.de\/de\/wp-json\/wp\/v2\/media?parent=4203"}],"wp:term":[{"taxonomy":"category","embeddable":true,"href":"https:\/\/www.katalanischer-salon.de\/de\/wp-json\/wp\/v2\/categories?post=4203"},{"taxonomy":"post_tag","embeddable":true,"href":"https:\/\/www.katalanischer-salon.de\/de\/wp-json\/wp\/v2\/tags?post=4203"}],"curies":[{"name":"wp","href":"https:\/\/api.w.org\/{rel}","templated":true}]}}