{"id":498,"date":"2011-07-31T00:00:45","date_gmt":"2011-07-30T22:00:45","guid":{"rendered":"https:\/\/www.katalanischer-salon.de\/\/?p=498"},"modified":"2011-08-29T23:16:12","modified_gmt":"2011-08-29T21:16:12","slug":"el-blog-de-les-becaries-i-becaris-dels-casals","status":"publish","type":"post","link":"https:\/\/www.katalanischer-salon.de\/de\/berlin\/el-blog-de-les-becaries-i-becaris-dels-casals\/","title":{"rendered":"El blog de les bec\u00e0ries i becaris dels casals"},"content":{"rendered":"<p><span style=\"color: #000000;\"><\/span>La Generalitat atorga beques anuals perque alguns estudiants puguin fer una estada de nou mesos a diferents casals catalans del m\u00f3n. Al Katalanischer Salon vam tenir la sort de comptar amb la Laie l&#8217;any 2010, i aquest 2011 \u00e9s l&#8217;Olga qui, amb la mateixa energia que la seva predecessora, ens ajuda a tirar endavant activitats i projectes. Ella, l&#8217;Olga, com la resta de companys seus repartits pel m\u00f3n (a Montr\u00e9al, M\u00e9rida, La Plata, Par\u00eds, Bogot\u00e0, Edinburg i Luxemburg) escriu en un blog. A &#8220;Zoom ACC&#8221; expliquen les activitats que tots ells ajuden a tirar endavant, hi publiquen cr\u00f2niques de les seves experi\u00e8ncies personals i aspectes de les ciutats on desenvolupen la seva feina. Els seus articles els podeu llegir a http:\/\/zoomacc.blogspot.com. No us els perdeu!<\/p>\n<p><span style=\"color: #000000;\"> <\/span><\/p>","protected":false},"excerpt":{"rendered":"<p>La Generalitat atorga beques anuals perque alguns estudiants puguin fer una estada de nou mesos a diferents casals catalans del m\u00f3n. Al Katalanischer Salon vam tenir la sort de comptar amb la Laie l&#8217;any 2010, i aquest 2011 \u00e9s l&#8217;Olga&#8230;<\/p>","protected":false},"author":1,"featured_media":0,"comment_status":"closed","ping_status":"open","sticky":false,"template":"","format":"standard","meta":[],"categories":[1],"tags":[24],"_links":{"self":[{"href":"https:\/\/www.katalanischer-salon.de\/de\/wp-json\/wp\/v2\/posts\/498"}],"collection":[{"href":"https:\/\/www.katalanischer-salon.de\/de\/wp-json\/wp\/v2\/posts"}],"about":[{"href":"https:\/\/www.katalanischer-salon.de\/de\/wp-json\/wp\/v2\/types\/post"}],"author":[{"embeddable":true,"href":"https:\/\/www.katalanischer-salon.de\/de\/wp-json\/wp\/v2\/users\/1"}],"replies":[{"embeddable":true,"href":"https:\/\/www.katalanischer-salon.de\/de\/wp-json\/wp\/v2\/comments?post=498"}],"version-history":[{"count":14,"href":"https:\/\/www.katalanischer-salon.de\/de\/wp-json\/wp\/v2\/posts\/498\/revisions"}],"predecessor-version":[{"id":506,"href":"https:\/\/www.katalanischer-salon.de\/de\/wp-json\/wp\/v2\/posts\/498\/revisions\/506"}],"wp:attachment":[{"href":"https:\/\/www.katalanischer-salon.de\/de\/wp-json\/wp\/v2\/media?parent=498"}],"wp:term":[{"taxonomy":"category","embeddable":true,"href":"https:\/\/www.katalanischer-salon.de\/de\/wp-json\/wp\/v2\/categories?post=498"},{"taxonomy":"post_tag","embeddable":true,"href":"https:\/\/www.katalanischer-salon.de\/de\/wp-json\/wp\/v2\/tags?post=498"}],"curies":[{"name":"wp","href":"https:\/\/api.w.org\/{rel}","templated":true}]}}