{"id":919,"date":"2011-11-18T17:33:18","date_gmt":"2011-11-18T15:33:18","guid":{"rendered":"https:\/\/www.katalanischer-salon.de\/\/?p=919"},"modified":"2011-11-18T17:33:18","modified_gmt":"2011-11-18T15:33:18","slug":"la-castanyada-2011-a-berlin-un-exit-rotund","status":"publish","type":"post","link":"https:\/\/www.katalanischer-salon.de\/de\/berlin\/la-castanyada-2011-a-berlin-un-exit-rotund\/","title":{"rendered":"La Castanyada 2011 a Berl\u00edn, un \u00e8xit rotund"},"content":{"rendered":"<h3><span style=\"color: #000000;\"><strong>Panellets preparats pels socis, castanyes i moniatos, una copeta de cava i de moscatell; i de fons, m\u00fasica catalana<\/strong>. O, dit amb altres paraules: <strong>La Castanyada 2011 a Berl\u00edn!<\/strong><\/span><\/h3>\n<p><span style=\"color: #000000;\">El Katalanischer Salon h<\/span><a href=\"https:\/\/www.katalanischer-salon.de\/\/wp-content\/uploads\/2011\/11\/DSC_0003.jpg\"><span style=\"color: #000000;\"><img loading=\"lazy\" class=\"alignleft size-medium wp-image-920\" title=\"DSC_0003\" src=\"https:\/\/www.katalanischer-salon.de\/\/wp-content\/uploads\/2011\/11\/DSC_0003-300x200.jpg\" alt=\"\" width=\"268\" height=\"179\" \/><\/span><\/a><span style=\"color: #000000;\">a organitzat un any m\u00e9s<\/span> <a title=\"Panellets, castanyes i moscatell a Berl\u00edn\" href=\"https:\/\/www.katalanischer-salon.de\/de\/berlin\/panellets-castanyes-i-moscatell-a-berlin\/\" target=\"_blank\">la Castanyada<\/a>. <span style=\"color: #000000;\">Enguany ha tingut lloc el cap de setmana del 12 i 13 de novembre: Dissabte a la tarda, taller de panellets a c\u00e0rrec de la nostra s\u00f2cia Josepa Lleonart a la<\/span> <a href=\"http:\/\/www.volkssolidaritaet.de\/cms\/mecklenburg_mitte\/Navigation\/Roter+Bereich\/Aktuelles.html\" target=\"_blank\">Volkssolidarit\u00e4t<\/a> <span style=\"color: #000000;\">de Mitte i diumenge, tastet dels mateixos, juntament amb castanyes i moniatos, cava i m\u00fasica catalana. La festa s\u2019ha celebrat de nou al local <\/span><a href=\"http:\/\/www.amvberlin.de\/\" target=\"_blank\">AMV<\/a> <span style=\"color: #000000;\">de Moabit.<\/span><\/p>\n<p><span style=\"color: #000000;\">El t<\/span><a href=\"https:\/\/www.katalanischer-salon.de\/\/wp-content\/uploads\/2011\/11\/DSC_0004.jpg\"><span style=\"color: #000000;\"><img loading=\"lazy\" class=\"alignleft size-medium wp-image-921\" title=\"DSC_0004\" src=\"https:\/\/www.katalanischer-salon.de\/\/wp-content\/uploads\/2011\/11\/DSC_0004-300x200.jpg\" alt=\"\" width=\"198\" height=\"132\" \/><\/span><\/a><span style=\"color: #000000;\">aller de panellets va tenir molt d\u2019\u00e8xit. Tots hi van participar: alguns aportant la seva experi\u00e8ncia, d\u2019altres estrenant-se a la cuina i els nens, donant el toc d\u2019alegria a la jornada. Molta gent va passar <\/span><a href=\"https:\/\/www.katalanischer-salon.de\/\/wp-content\/uploads\/2011\/11\/DSC_0006.jpg\"><span style=\"color: #000000;\"><img loading=\"lazy\" class=\"size-thumbnail wp-image-922 alignright\" title=\"DSC_0006\" src=\"https:\/\/www.katalanischer-salon.de\/\/wp-content\/uploads\/2011\/11\/DSC_0006-150x150.jpg\" alt=\"\" width=\"150\" height=\"150\" \/><\/span><\/a><span style=\"color: #000000;\">pel local de la Torstrasse. De fet, ha estat l\u2019any amb m\u00e9s massa per fer panellets. Al final, n&#8217; hi va haver per tot els gustos: cl\u00e0ssics de pinyons, de caf\u00e8, de d\u00e0tils, amb boletes de xocolata, amb estrelles de colors&#8230;<\/span><\/p>\n<p>&nbsp;<\/p>\n<p><span style=\"color: #000000;\">Tamb\u00e9, el grup d\u2019Els Catalanets va organitzar un taller de fanalets de Sant Mart\u00ed amb els m\u00e9s petits. Com podreu comprovar en les fotografies, tothom va gaudir de l\u2019activitat.<\/span><\/p>\n<p><a href=\"https:\/\/www.katalanischer-salon.de\/\/wp-content\/uploads\/2011\/11\/DSC_0057.jpg\"><img loading=\"lazy\" class=\"size-medium wp-image-925 alignleft\" title=\"DSC_0057\" src=\"https:\/\/www.katalanischer-salon.de\/\/wp-content\/uploads\/2011\/11\/DSC_0057-200x300.jpg\" alt=\"\" width=\"200\" height=\"300\" \/><\/a><\/p>\n<p><a href=\"https:\/\/www.katalanischer-salon.de\/\/wp-content\/uploads\/2011\/11\/DSC_0063_web.jpg\"><img loading=\"lazy\" class=\"alignright size-medium wp-image-934\" title=\"DSC_0063_web\" src=\"https:\/\/www.katalanischer-salon.de\/\/wp-content\/uploads\/2011\/11\/DSC_0063_web-200x300.jpg\" alt=\"\" width=\"200\" height=\"300\" \/><\/a><\/p>\n<p><a href=\"https:\/\/www.katalanischer-salon.de\/\/wp-content\/uploads\/2011\/11\/DSC_00631.jpg\"><img class=\"aligncenter size-full wp-image-927\" title=\"DSC_0063\" src=\"https:\/\/www.katalanischer-salon.de\/\/wp-content\/uploads\/2011\/11\/DSC_00631.jpg\" alt=\"\" \/><\/a><\/p>\n<p><span style=\"color: #000000;\">La festa de diumenge es va celebrar al mateix local de Moabit d\u2019altres anys. Un lloc molt acollidor i adient per degustar els panellets del Katalanischer Salon, beure unes copes de cava i moscatell i ballar a ritme de m\u00fasica catalana. Un \u00e8xit rotund, si tenim en compte que, en total, hi han assistit una cinquantena de persones!!<\/span><\/p>\n<p><a href=\"https:\/\/www.katalanischer-salon.de\/\/wp-content\/uploads\/2011\/11\/DSC_0081_web.jpg\"><img loading=\"lazy\" class=\"aligncenter size-full wp-image-928\" title=\"DSC_0081_web\" src=\"https:\/\/www.katalanischer-salon.de\/\/wp-content\/uploads\/2011\/11\/DSC_0081_web.jpg\" alt=\"\" width=\"3872\" height=\"2592\" srcset=\"https:\/\/www.katalanischer-salon.de\/wp-content\/uploads\/2011\/11\/DSC_0081_web.jpg 3872w, https:\/\/www.katalanischer-salon.de\/wp-content\/uploads\/2011\/11\/DSC_0081_web-300x201.jpg 300w, https:\/\/www.katalanischer-salon.de\/wp-content\/uploads\/2011\/11\/DSC_0081_web-768x514.jpg 768w, https:\/\/www.katalanischer-salon.de\/wp-content\/uploads\/2011\/11\/DSC_0081_web-1024x685.jpg 1024w\" sizes=\"(max-width: 3872px) 100vw, 3872px\" \/><\/a><span style=\"color: #000000;\">Des del Katalanischer Salon us agra\u00efm molt que hagueu participat de la Castanyada i esperem que tots repetiu l\u2019any vinent!!<\/span><\/p>","protected":false},"excerpt":{"rendered":"<p>Panellets preparats pels socis, castanyes i moniatos, una copeta de cava i de moscatell; i de fons, m\u00fasica catalana. O, dit amb altres paraules: La Castanyada 2011 a Berl\u00edn! El Katalanischer Salon ha organitzat un any m\u00e9s la Castanyada. Enguany&#8230;<\/p>","protected":false},"author":1,"featured_media":0,"comment_status":"closed","ping_status":"open","sticky":false,"template":"","format":"standard","meta":[],"categories":[1],"tags":[26,19],"_links":{"self":[{"href":"https:\/\/www.katalanischer-salon.de\/de\/wp-json\/wp\/v2\/posts\/919"}],"collection":[{"href":"https:\/\/www.katalanischer-salon.de\/de\/wp-json\/wp\/v2\/posts"}],"about":[{"href":"https:\/\/www.katalanischer-salon.de\/de\/wp-json\/wp\/v2\/types\/post"}],"author":[{"embeddable":true,"href":"https:\/\/www.katalanischer-salon.de\/de\/wp-json\/wp\/v2\/users\/1"}],"replies":[{"embeddable":true,"href":"https:\/\/www.katalanischer-salon.de\/de\/wp-json\/wp\/v2\/comments?post=919"}],"version-history":[{"count":7,"href":"https:\/\/www.katalanischer-salon.de\/de\/wp-json\/wp\/v2\/posts\/919\/revisions"}],"predecessor-version":[{"id":939,"href":"https:\/\/www.katalanischer-salon.de\/de\/wp-json\/wp\/v2\/posts\/919\/revisions\/939"}],"wp:attachment":[{"href":"https:\/\/www.katalanischer-salon.de\/de\/wp-json\/wp\/v2\/media?parent=919"}],"wp:term":[{"taxonomy":"category","embeddable":true,"href":"https:\/\/www.katalanischer-salon.de\/de\/wp-json\/wp\/v2\/categories?post=919"},{"taxonomy":"post_tag","embeddable":true,"href":"https:\/\/www.katalanischer-salon.de\/de\/wp-json\/wp\/v2\/tags?post=919"}],"curies":[{"name":"wp","href":"https:\/\/api.w.org\/{rel}","templated":true}]}}