{"id":946,"date":"2007-09-25T00:00:20","date_gmt":"2007-09-24T22:00:20","guid":{"rendered":"https:\/\/www.katalanischer-salon.de\/\/?p=946"},"modified":"2011-11-21T10:10:11","modified_gmt":"2011-11-21T08:10:11","slug":"mostra-dart-contemporani-catala","status":"publish","type":"post","link":"https:\/\/www.katalanischer-salon.de\/de\/berlin\/mostra-dart-contemporani-catala\/","title":{"rendered":"Mostra d&#8217;art contemporani catal\u00e0"},"content":{"rendered":"<p><span style=\"color: #000000;\">Fins el 21 d&#8217;octubre podeu visitar <a href=\"http:\/\/cervantes.de\/nueva\/de\/cultura\/programm?event=2007-09-27&amp;month=9&amp;year=2007\" target=\"_blank\">Catatalunya look<\/a>, una exposici\u00f3 d&#8217;obres  d&#8217;artistes que treballen a Catalunya en diverses disciplines:  pintura, fotografia, escultura, dibuix, objecte po\u00e8tic, ensamblatge,  instal\u00b7laci\u00f3 i v\u00eddeo art. <\/span><\/p>\n<p><span style=\"color: #000000;\">La selecci\u00f3 dels artistes, a c\u00e0rrec del cr\u00edtic  d&#8217;art Joan Bufill, inclou, entre d\u2019altres, Xaro Castillo, Samuel  Salcedo, Andr\u00e9 Martus, Josep Guinovart, Rafols Casamada, Joaquim  Chancho, Gino Rubert, Marcos Palazzi, Miguel Rasero, Amelia Riera, Joan  Pere Viladecans, Jordina Orbada\u00f1os i Charles Metr\u00e1s (Pintura), Manel  Armengol, Joan Fontcuberta, Joan Pla, Manel Esclusa, Manel Serra  (Fotografia), Jaume Plensa, Gabriel, Llu\u00eds Vidal, Susana Solano, Elisa  Arimany, Marcel Mart\u00ed, Efra\u00efm Rodr\u00edguez, Jos\u00e9 Luis Pascual, Gerard Mas,  Llu\u00eds Roig, Carlos Mata (escultura), Guillem Cifr\u00e9, Nazario, Sergio  Marsa i Beneyto (dibuix).<\/span><\/p>\n<p><span style=\"color: #000000;\"> Comissari: Joan Bufill <\/span><br \/>\n<span style=\"color: #000000;\"> Organitza: <a href=\"http:\/\/www.3punts.com\/principal.asp?0=1&amp;1=259206\" target=\"_blank\">3 punts Galeria<\/a> amb la col\u00b7laboraci\u00f3 de l\u2019<a href=\"http:\/\/www.llull.cat\/berlin\/index.cfm\" target=\"_blank\">Institut Ramon Llull<\/a><\/span><br \/>\n<span style=\"color: #000000;\"> Espai: <a href=\"http:\/\/www.art-center-berlin.de\/index.php?lang=de\" target=\"_blank\">Art Center<\/a><\/span><br \/>\n<span style=\"color: #000000;\"> Dates: Del 28 de setembre al 21 octubre de 2007<\/span><\/p>","protected":false},"excerpt":{"rendered":"<p>Fins el 21 d&#8217;octubre podeu visitar Catatalunya look, una exposici\u00f3 d&#8217;obres d&#8217;artistes que treballen a Catalunya en diverses disciplines: pintura, fotografia, escultura, dibuix, objecte po\u00e8tic, ensamblatge, instal\u00b7laci\u00f3 i v\u00eddeo art. La selecci\u00f3 dels artistes, a c\u00e0rrec del cr\u00edtic d&#8217;art Joan&#8230;<\/p>","protected":false},"author":1,"featured_media":0,"comment_status":"closed","ping_status":"open","sticky":false,"template":"","format":"standard","meta":[],"categories":[1],"tags":[28],"_links":{"self":[{"href":"https:\/\/www.katalanischer-salon.de\/de\/wp-json\/wp\/v2\/posts\/946"}],"collection":[{"href":"https:\/\/www.katalanischer-salon.de\/de\/wp-json\/wp\/v2\/posts"}],"about":[{"href":"https:\/\/www.katalanischer-salon.de\/de\/wp-json\/wp\/v2\/types\/post"}],"author":[{"embeddable":true,"href":"https:\/\/www.katalanischer-salon.de\/de\/wp-json\/wp\/v2\/users\/1"}],"replies":[{"embeddable":true,"href":"https:\/\/www.katalanischer-salon.de\/de\/wp-json\/wp\/v2\/comments?post=946"}],"version-history":[{"count":2,"href":"https:\/\/www.katalanischer-salon.de\/de\/wp-json\/wp\/v2\/posts\/946\/revisions"}],"predecessor-version":[{"id":948,"href":"https:\/\/www.katalanischer-salon.de\/de\/wp-json\/wp\/v2\/posts\/946\/revisions\/948"}],"wp:attachment":[{"href":"https:\/\/www.katalanischer-salon.de\/de\/wp-json\/wp\/v2\/media?parent=946"}],"wp:term":[{"taxonomy":"category","embeddable":true,"href":"https:\/\/www.katalanischer-salon.de\/de\/wp-json\/wp\/v2\/categories?post=946"},{"taxonomy":"post_tag","embeddable":true,"href":"https:\/\/www.katalanischer-salon.de\/de\/wp-json\/wp\/v2\/tags?post=946"}],"curies":[{"name":"wp","href":"https:\/\/api.w.org\/{rel}","templated":true}]}}