{"id":950,"date":"2007-02-11T00:00:18","date_gmt":"2007-02-10T22:00:18","guid":{"rendered":"https:\/\/www.katalanischer-salon.de\/\/?p=950"},"modified":"2011-11-21T10:26:30","modified_gmt":"2011-11-21T08:26:30","slug":"visita-guiada-per-a-socis-dali-die-ausstellung","status":"publish","type":"post","link":"https:\/\/www.katalanischer-salon.de\/de\/berlin\/visita-guiada-per-a-socis-dali-die-ausstellung\/","title":{"rendered":"Visita guiada per a socis: &#8220;Dal\u00ed-die Ausstellung&#8221;"},"content":{"rendered":"<p><span style=\"color: #000000;\"><a href=\"https:\/\/www.katalanischer-salon.de\/\/wp-content\/uploads\/2011\/11\/dali_die_ausstellung_11022007.jpg\"><img loading=\"lazy\" class=\"alignleft size-medium wp-image-951\" title=\"1DALI.psd\" src=\"https:\/\/www.katalanischer-salon.de\/\/wp-content\/uploads\/2011\/11\/dali_die_ausstellung_11022007-300x216.jpg\" alt=\"\" width=\"300\" height=\"216\" \/><\/a>El  Proper Dissabte 10.02.2007 a les 12:00\u00a0s&#8217;ofereix a tots aquells que hi  estigueu interessats en veure les m\u00e9s de 300 obres de Salvador dal\u00ed que  s&#8217;exposen al <a href=\"http:\/\/www.domaquaree.de\/aktuelles\/pressearchiv\/detail-archive\/article\/2006\/12\/dali-ausstellung-im-domaquaree\/\" target=\"_blank\">DomAquar\u00e9e<\/a> una visita guiada\u00a0exclusivament per als socis i  amics del KaSal amb un preu especial de 13\u20ac.<\/span><\/p>\n<p><span style=\"color: #000000;\">Les  explicacions seran en alemany per\u00f2 s&#8217;ha demanat al guia d&#8217;adaptar-se  una mica a les caracter\u00edstiques del nostre grup, de ressaltar els  aspectes m\u00e9s relacionats amb Catalunya i de parlar lleugerament m\u00e9s a  poc a poc de l&#8217;habitual per aix\u00ed facilitar que tothom pugui seguir les  explicacions.<\/span><\/p>\n<p><span style=\"color: #000000;\"> El nombre d&#8217;entrades \u00e9s limitat a 25.\u00a0 Aquesta\u00a0invitaci\u00f3 tamb\u00e9 l&#8217;enviem a tots els amics del KaSal, que s\u00f3n 125 adreces!\u00a0 Per aix\u00f2\u00a0us demanem que si esteu interessats a venir, envieu un mail a la <\/span><span style=\"color: #000000;\">Mireia Esteve<\/span><span style=\"color: #000000;\"> (amb c\u00f2pia al <\/span><span style=\"color: #000000;\">KaSal<\/span><span style=\"color: #000000;\">) dient  quants vindreu. \u00a0El preu de l&#8217;entrada \u00e9s de 13 \u20ac. \u00a0Aix\u00f2 suposo 3 \u20ac de  descompte comparat amb els 16 \u20ac que costa l&#8217;entrada individual per una  visita guiada.<\/span><\/p>","protected":false},"excerpt":{"rendered":"<p>El Proper Dissabte 10.02.2007 a les 12:00\u00a0s&#8217;ofereix a tots aquells que hi estigueu interessats en veure les m\u00e9s de 300 obres de Salvador dal\u00ed que s&#8217;exposen al DomAquar\u00e9e una visita guiada\u00a0exclusivament per als socis i amics del KaSal amb un&#8230;<\/p>","protected":false},"author":1,"featured_media":0,"comment_status":"closed","ping_status":"open","sticky":false,"template":"","format":"standard","meta":[],"categories":[1],"tags":[28],"_links":{"self":[{"href":"https:\/\/www.katalanischer-salon.de\/de\/wp-json\/wp\/v2\/posts\/950"}],"collection":[{"href":"https:\/\/www.katalanischer-salon.de\/de\/wp-json\/wp\/v2\/posts"}],"about":[{"href":"https:\/\/www.katalanischer-salon.de\/de\/wp-json\/wp\/v2\/types\/post"}],"author":[{"embeddable":true,"href":"https:\/\/www.katalanischer-salon.de\/de\/wp-json\/wp\/v2\/users\/1"}],"replies":[{"embeddable":true,"href":"https:\/\/www.katalanischer-salon.de\/de\/wp-json\/wp\/v2\/comments?post=950"}],"version-history":[{"count":2,"href":"https:\/\/www.katalanischer-salon.de\/de\/wp-json\/wp\/v2\/posts\/950\/revisions"}],"predecessor-version":[{"id":953,"href":"https:\/\/www.katalanischer-salon.de\/de\/wp-json\/wp\/v2\/posts\/950\/revisions\/953"}],"wp:attachment":[{"href":"https:\/\/www.katalanischer-salon.de\/de\/wp-json\/wp\/v2\/media?parent=950"}],"wp:term":[{"taxonomy":"category","embeddable":true,"href":"https:\/\/www.katalanischer-salon.de\/de\/wp-json\/wp\/v2\/categories?post=950"},{"taxonomy":"post_tag","embeddable":true,"href":"https:\/\/www.katalanischer-salon.de\/de\/wp-json\/wp\/v2\/tags?post=950"}],"curies":[{"name":"wp","href":"https:\/\/api.w.org\/{rel}","templated":true}]}}